{"id":1089,"date":"2024-09-06T10:56:54","date_gmt":"2024-09-06T13:56:54","guid":{"rendered":"https:\/\/www.piergiorgio.com.br\/?p=1089"},"modified":"2025-08-04T11:24:49","modified_gmt":"2025-08-04T14:24:49","slug":"caminho-para-a-santidade-beato-pier-giorgio-frassati-canonizado-em-2025","status":"publish","type":"post","link":"https:\/\/www.piergiorgio.com.br\/?p=1089","title":{"rendered":"Caminho para a santidade: Beato Pier Giorgio Frassati  ser\u00e1 canonizado em 2025"},"content":{"rendered":"\n<p>Durante um encontro recente com a A\u00e7\u00e3o Cat\u00f3lica em Sacrofano, It\u00e1lia, o cardeal Marcello Semeraro, prefeito do dicast\u00e9rio para as Causas dos Santos, compartilhou uma not\u00edcia esperan\u00e7osa para os devotos de Pier Giorgio Frassati: a sua canoniza\u00e7\u00e3o pode ocorrer no jubileu de 2025. \u201cGostaria de dizer que a canoniza\u00e7\u00e3o do beato Pier Giorgio Frassati est\u00e1 agora claramente no horizonte e em vista para o pr\u00f3ximo jubileu\u201d, afirmou o cardeal, segundo relatos do Avvenire, jornal oficial da confer\u00eancia episcopal italiana.<\/p>\n\n\n\n<p>Pier Giorgio Frassati, que faleceu prematuramente aos 24 anos em 1925, \u00e9 venerado por muitos jovens cat\u00f3licos por seu entusiasmo e dedica\u00e7\u00e3o \u00e0 santidade. Nascido em Turim, It\u00e1lia, Frassati era conhecido n\u00e3o apenas por sua paix\u00e3o pelo alpinismo, mas tamb\u00e9m por seu compromisso com a caridade. Desde jovem, dedicou-se ao servi\u00e7o dos mais necessitados, incluindo pobres, sem-teto, enfermos e veteranos da Primeira Guerra Mundial.<\/p>\n\n\n\n<p>Frassati tamb\u00e9m se destacou por sua participa\u00e7\u00e3o ativa no Apostolado da Ora\u00e7\u00e3o e na A\u00e7\u00e3o Cat\u00f3lica, sendo-lhe concedida a permiss\u00e3o para receber a comunh\u00e3o diariamente, uma pr\u00e1tica n\u00e3o comum na \u00e9poca. Sua \u00faltima escalada foi imortalizada em uma fotografia com a frase \u201cVerso L\u2019Alto\u201d (\u00c0s Alturas), que se tornou um lema para aqueles inspirados por sua vida a aspirarem \u00e0 vida eterna com Cristo.<\/p>\n\n\n\n<p>Ap\u00f3s sua morte por poliomielite os m\u00e9dicos suspeitaram que Frassati tenha contra\u00eddo a doen\u00e7a enquanto servia aos doentes, evidenciando ainda mais seu altru\u00edsmo. Beatificado em 1990 por S\u00e3o Jo\u00e3o Paulo II, que o chamou de \u201chomem das Oito Bem-Aventuran\u00e7as\u201d, Frassati \u00e9 lembrado por sua profunda imers\u00e3o no mist\u00e9rio de Deus e dedica\u00e7\u00e3o ao pr\u00f3ximo.<\/p>\n\n\n\n<p>Para que sua canoniza\u00e7\u00e3o se concretize, um milagre atribu\u00eddo \u00e0 sua intercess\u00e3o precisa ser reconhecido oficialmente por um decreto papal. O papa Francisco, em conjunto com o cardeal Semeraro, \u00e9 respons\u00e1vel por assinar tais decretos, marcando um passo crucial no processo de canoniza\u00e7\u00e3o.<\/p>\n\n\n\n<p><em>Fonte: ACI Digital<\/em><\/p>\n\n\n\n<figure class=\"wp-block-image size-full\"><a href=\"http:\/\/www.piergiorgio.com.br\/wp-content\/uploads\/2012\/07\/a2.jpg\"><img loading=\"lazy\" decoding=\"async\" width=\"394\" height=\"400\" src=\"http:\/\/www.piergiorgio.com.br\/wp-content\/uploads\/2012\/07\/a2.jpg\" alt=\"ier Giorgio com chape\u00fa de papel .\" class=\"wp-image-936\" srcset=\"https:\/\/www.piergiorgio.com.br\/wp-content\/uploads\/2012\/07\/a2.jpg 394w, https:\/\/www.piergiorgio.com.br\/wp-content\/uploads\/2012\/07\/a2-295x300.jpg 295w\" sizes=\"auto, (max-width: 394px) 100vw, 394px\" \/><\/a><\/figure>\n","protected":false},"excerpt":{"rendered":"<p>Durante um encontro recente com a A\u00e7\u00e3o Cat\u00f3lica em Sacrofano, It\u00e1lia, o cardeal Marcello Semeraro, prefeito do dicast\u00e9rio para as Causas dos Santos, compartilhou uma not\u00edcia esperan\u00e7osa para os devotos de Pier Giorgio Frassati: a sua canoniza\u00e7\u00e3o pode ocorrer no jubileu de 2025. \u201cGostaria de dizer que a canoniza\u00e7\u00e3o do beato Pier Giorgio Frassati est\u00e1 &hellip; <\/p>\n<p class=\"link-more\"><a href=\"https:\/\/www.piergiorgio.com.br\/?p=1089\" class=\"more-link\">Continue lendo<span class=\"screen-reader-text\"> &#8220;Caminho para a santidade: Beato Pier Giorgio Frassati  ser\u00e1 canonizado em 2025&#8221;<\/span><\/a><\/p>\n","protected":false},"author":2,"featured_media":0,"comment_status":"closed","ping_status":"closed","sticky":false,"template":"","format":"standard","meta":{"footnotes":""},"categories":[5],"tags":[],"class_list":["post-1089","post","type-post","status-publish","format-standard","hentry","category-ecos"],"_links":{"self":[{"href":"https:\/\/www.piergiorgio.com.br\/index.php?rest_route=\/wp\/v2\/posts\/1089","targetHints":{"allow":["GET"]}}],"collection":[{"href":"https:\/\/www.piergiorgio.com.br\/index.php?rest_route=\/wp\/v2\/posts"}],"about":[{"href":"https:\/\/www.piergiorgio.com.br\/index.php?rest_route=\/wp\/v2\/types\/post"}],"author":[{"embeddable":true,"href":"https:\/\/www.piergiorgio.com.br\/index.php?rest_route=\/wp\/v2\/users\/2"}],"replies":[{"embeddable":true,"href":"https:\/\/www.piergiorgio.com.br\/index.php?rest_route=%2Fwp%2Fv2%2Fcomments&post=1089"}],"version-history":[{"count":3,"href":"https:\/\/www.piergiorgio.com.br\/index.php?rest_route=\/wp\/v2\/posts\/1089\/revisions"}],"predecessor-version":[{"id":1094,"href":"https:\/\/www.piergiorgio.com.br\/index.php?rest_route=\/wp\/v2\/posts\/1089\/revisions\/1094"}],"wp:attachment":[{"href":"https:\/\/www.piergiorgio.com.br\/index.php?rest_route=%2Fwp%2Fv2%2Fmedia&parent=1089"}],"wp:term":[{"taxonomy":"category","embeddable":true,"href":"https:\/\/www.piergiorgio.com.br\/index.php?rest_route=%2Fwp%2Fv2%2Fcategories&post=1089"},{"taxonomy":"post_tag","embeddable":true,"href":"https:\/\/www.piergiorgio.com.br\/index.php?rest_route=%2Fwp%2Fv2%2Ftags&post=1089"}],"curies":[{"name":"wp","href":"https:\/\/api.w.org\/{rel}","templated":true}]}}