{"id":1137,"date":"2025-06-13T08:36:13","date_gmt":"2025-06-13T11:36:13","guid":{"rendered":"https:\/\/www.piergiorgio.com.br\/?p=1137"},"modified":"2025-09-23T10:33:15","modified_gmt":"2025-09-23T13:33:15","slug":"1137","status":"publish","type":"post","link":"https:\/\/www.piergiorgio.com.br\/?p=1137","title":{"rendered":""},"content":{"rendered":"\n<h2 class=\"wp-block-heading has-text-align-center\"><strong>Canoniza\u00e7\u00e3o dos Beatos Pier Giorgio Frassati e Carlo Acutis   em 7 de setembro de 2025.<\/strong><\/h2>\n\n\n\n<p><\/p>\n\n\n\n<p>Hoje, dia de Santo Ant\u00f3nio e do anivers\u00e1rio da 2\u00aa apari\u00e7\u00e3o de Nossa Senhora em F\u00e1tima, o Santo Padre Le\u00e3o XIV anunciou ao mundo a nova data da canoniza\u00e7\u00e3o dos beatos Pier Giorgio Frassati e Carlo Acutis. Dia 7 de Setembro de 2025 ,na pra\u00e7a de S\u00e3o Pedro ser\u00e3o oficialmente declarado Santo da Igreja Universal.<\/p>\n\n\n\n<figure class=\"wp-block-image\"><img loading=\"lazy\" decoding=\"async\" width=\"1200\" height=\"675\" src=\"http:\/\/www.piergiorgio.com.br\/wp-content\/uploads\/2025\/06\/Carlo-Acutis-et-Pier-Giorgio-Frassati.webp\" alt=\"\" class=\"wp-image-1140\" srcset=\"https:\/\/www.piergiorgio.com.br\/wp-content\/uploads\/2025\/06\/Carlo-Acutis-et-Pier-Giorgio-Frassati.webp 1200w, https:\/\/www.piergiorgio.com.br\/wp-content\/uploads\/2025\/06\/Carlo-Acutis-et-Pier-Giorgio-Frassati-300x169.webp 300w, https:\/\/www.piergiorgio.com.br\/wp-content\/uploads\/2025\/06\/Carlo-Acutis-et-Pier-Giorgio-Frassati-1024x576.webp 1024w, https:\/\/www.piergiorgio.com.br\/wp-content\/uploads\/2025\/06\/Carlo-Acutis-et-Pier-Giorgio-Frassati-768x432.webp 768w\" sizes=\"auto, (max-width: 767px) 89vw, (max-width: 1000px) 54vw, (max-width: 1071px) 543px, 580px\" \/><\/figure>\n\n\n\n<p><\/p>\n","protected":false},"excerpt":{"rendered":"<p>Canoniza\u00e7\u00e3o dos Beatos Pier Giorgio Frassati e Carlo Acutis em 7 de setembro de 2025. Hoje, dia de Santo Ant\u00f3nio e do anivers\u00e1rio da 2\u00aa apari\u00e7\u00e3o de Nossa Senhora em F\u00e1tima, o Santo Padre Le\u00e3o XIV anunciou ao mundo a nova data da canoniza\u00e7\u00e3o dos beatos Pier Giorgio Frassati e Carlo Acutis. Dia 7 de &hellip; <\/p>\n<p class=\"link-more\"><a href=\"https:\/\/www.piergiorgio.com.br\/?p=1137\" class=\"more-link\">Continue lendo<span class=\"screen-reader-text\"> &#8220;&#8221;<\/span><\/a><\/p>\n","protected":false},"author":2,"featured_media":0,"comment_status":"closed","ping_status":"closed","sticky":false,"template":"","format":"standard","meta":{"footnotes":""},"categories":[5],"tags":[],"class_list":["post-1137","post","type-post","status-publish","format-standard","hentry","category-ecos"],"_links":{"self":[{"href":"https:\/\/www.piergiorgio.com.br\/index.php?rest_route=\/wp\/v2\/posts\/1137","targetHints":{"allow":["GET"]}}],"collection":[{"href":"https:\/\/www.piergiorgio.com.br\/index.php?rest_route=\/wp\/v2\/posts"}],"about":[{"href":"https:\/\/www.piergiorgio.com.br\/index.php?rest_route=\/wp\/v2\/types\/post"}],"author":[{"embeddable":true,"href":"https:\/\/www.piergiorgio.com.br\/index.php?rest_route=\/wp\/v2\/users\/2"}],"replies":[{"embeddable":true,"href":"https:\/\/www.piergiorgio.com.br\/index.php?rest_route=%2Fwp%2Fv2%2Fcomments&post=1137"}],"version-history":[{"count":9,"href":"https:\/\/www.piergiorgio.com.br\/index.php?rest_route=\/wp\/v2\/posts\/1137\/revisions"}],"predecessor-version":[{"id":1153,"href":"https:\/\/www.piergiorgio.com.br\/index.php?rest_route=\/wp\/v2\/posts\/1137\/revisions\/1153"}],"wp:attachment":[{"href":"https:\/\/www.piergiorgio.com.br\/index.php?rest_route=%2Fwp%2Fv2%2Fmedia&parent=1137"}],"wp:term":[{"taxonomy":"category","embeddable":true,"href":"https:\/\/www.piergiorgio.com.br\/index.php?rest_route=%2Fwp%2Fv2%2Fcategories&post=1137"},{"taxonomy":"post_tag","embeddable":true,"href":"https:\/\/www.piergiorgio.com.br\/index.php?rest_route=%2Fwp%2Fv2%2Ftags&post=1137"}],"curies":[{"name":"wp","href":"https:\/\/api.w.org\/{rel}","templated":true}]}}