{"id":1253,"date":"2025-09-03T11:19:05","date_gmt":"2025-09-03T14:19:05","guid":{"rendered":"https:\/\/www.piergiorgio.com.br\/?p=1253"},"modified":"2025-09-03T11:21:18","modified_gmt":"2025-09-03T14:21:18","slug":"leao-xiv-por-intercessao-de-acutis-e-frassati-pedir-o-dom-da-fe-a-criancas-e-jovens","status":"publish","type":"post","link":"https:\/\/www.piergiorgio.com.br\/?p=1253","title":{"rendered":"Le\u00e3o XIV: por intercess\u00e3o de Acutis e Frassati, pedir o dom da f\u00e9 a crian\u00e7as e jovens"},"content":{"rendered":"\n<figure class=\"wp-block-image size-large\"><a href=\"http:\/\/www.piergiorgio.com.br\/wp-content\/uploads\/2025\/06\/Carlo-Acutis-et-Pier-Giorgio-Frassati.webp\"><img loading=\"lazy\" decoding=\"async\" width=\"1024\" height=\"576\" src=\"http:\/\/www.piergiorgio.com.br\/wp-content\/uploads\/2025\/06\/Carlo-Acutis-et-Pier-Giorgio-Frassati-1024x576.webp\" alt=\"\" class=\"wp-image-1140\" srcset=\"https:\/\/www.piergiorgio.com.br\/wp-content\/uploads\/2025\/06\/Carlo-Acutis-et-Pier-Giorgio-Frassati-1024x576.webp 1024w, https:\/\/www.piergiorgio.com.br\/wp-content\/uploads\/2025\/06\/Carlo-Acutis-et-Pier-Giorgio-Frassati-300x169.webp 300w, https:\/\/www.piergiorgio.com.br\/wp-content\/uploads\/2025\/06\/Carlo-Acutis-et-Pier-Giorgio-Frassati-768x432.webp 768w, https:\/\/www.piergiorgio.com.br\/wp-content\/uploads\/2025\/06\/Carlo-Acutis-et-Pier-Giorgio-Frassati.webp 1200w\" sizes=\"auto, (max-width: 767px) 89vw, (max-width: 1000px) 54vw, (max-width: 1071px) 543px, 580px\" \/><\/a><\/figure>\n\n\n\n<p>&#8220;Que setembro seja um m\u00eas de ora\u00e7\u00e3o pelas crian\u00e7as e jovens que voltam \u00e0s aulas e por aqueles que cuidam da sua educa\u00e7\u00e3o. Pe\u00e7am por eles, pela intercess\u00e3o dos Beatos, e em breve Santos, Pier Giorgio Frassati e Carlo Acutis, o dom de uma f\u00e9 profunda em seu caminho de amadurecimento&#8221;, disse Le\u00e3o XIV durante a sauda\u00e7\u00e3o aos fi\u00e9is de l\u00edngua polonesa na Audi\u00eancia Geral. A canoniza\u00e7\u00e3o dos futuros santos est\u00e1 marcada para domingo, 7 de setembro.<br \/>O Papa Le\u00e3o XIV, na Audi\u00eancia Geral desta quarta-feira (03\/09), de volta \u00e0 Pra\u00e7a S\u00e3o Pedro, refletiu&nbsp;sobre a humanidade de Cristo nos \u00faltimos momentos antes da sua morte, quando na cruz ele diz ter sede e lhe \u00e9 oferecida uma esponja embebida em vinagre. \u201cNa sede de Cristo podemos reconhecer toda a nossa sede\u201d, disse o Pont\u00edfice, \u201cn\u00e3o h\u00e1 nada de mais humano, nada de mais divino, do que saber dizer: eu preciso\u201d. A sede do Senhor na cruz, recordou o Pont\u00edfice durante as sauda\u00e7\u00f5es aos peregrinos vindos de diferentes partes do mundo, como do Brasil e de Portugal, ensina que pedir n\u00e3o \u00e9 indigno, mas libertador:<\/p>\n\n\n\n<blockquote class=\"wp-block-quote is-layout-flow wp-block-quote-is-layout-flow\">\n<p>\u201cSa\u00fado cordialmente os fi\u00e9is de l\u00edngua portuguesa, de modo especial os grupos vindos de Portugal e do Brasil. Jamais devemos nos envergonhar de pedir: todos n\u00f3s temos necessidade do Senhor e da sua gra\u00e7a. Pe\u00e7amos a Ele a \u00e1gua viva que sacia a nossa sede de Deus. Deus os aben\u00e7oe!\u201dEntregar a fraqueza a Deus sem vergonha<\/p>\n<\/blockquote>\n\n\n\n<p>Aprender &#8220;a arte de pedir sem vergonha e de oferecer sem c\u00e1lculo&#8221;, tamb\u00e9m foi enaltecido pelo Papa ao se dirigir aos fi\u00e9is de l\u00edngua francesa, em especial, os provenientes de Luxemburgo e da Fran\u00e7a: &#8220;assim construiremos rela\u00e7\u00f5es fraternas, verdadeiras e aut\u00eanticas, portadoras de uma alegria que o mundo n\u00e3o conhece&#8221;, acrescentou o Pont\u00edfice. Aos peregrinos de l\u00edngua \u00e1raba, Le\u00e3o XIV refor\u00e7ou:<\/p>\n\n\n\n<p><em>&#8220;O crist\u00e3o \u00e9 chamado a entregar a sua fraqueza a Deus sem vergonha nem medo, porque s\u00f3 Ele \u00e9 capaz de transform\u00e1-la numa ponte que conduz ao c\u00e9u.&#8221;<\/em><\/p>\n\n\n\n<h2 class=\"wp-block-heading\">Por intercess\u00e3o dos futuros santos, Acutis e Frassati<\/h2>\n\n\n\n<p>Quando o Papa se dirigiu aos fi\u00e9is de l\u00edngua polonesa, recordou que, passadas as f\u00e9rias de ver\u00e3o, o per\u00edodo \u00e9 para retomar o ano escolar na Europa. Em v\u00e9spera de duas importantes canoniza\u00e7\u00f5es no pr\u00f3ximo domingo, 7 de setembro, no Vaticano, Le\u00e3o XIV tamb\u00e9m disse para pedir a intercess\u00e3o dos futuros santos, os italianos Carlo Acutis e Pior Giorgio Frassati, o dom da f\u00e9. S\u00e3o dois jovens, que faleceram aos 15 e 24 anos respectivamente, que seguiam os valores do Evangelho e at\u00e9 hoje inspiram as fam\u00edlias e irradiam a luz de Jesus a todos:<\/p>\n\n\n\n<p>\u201cQue setembro seja um m\u00eas de ora\u00e7\u00e3o pelas crian\u00e7as e jovens que voltam \u00e0s aulas e por aqueles que cuidam da sua educa\u00e7\u00e3o. Pe\u00e7am por eles, pela intercess\u00e3o dos Beatos, e em breve Santos, Pier Giorgio Frassati e Carlo Acutis, o dom de uma f\u00e9 profunda em seu caminho de amadurecimento.\u201d<\/p>\n\n\n\n<p><\/p>\n","protected":false},"excerpt":{"rendered":"<p>&#8220;Que setembro seja um m\u00eas de ora\u00e7\u00e3o pelas crian\u00e7as e jovens que voltam \u00e0s aulas e por aqueles que cuidam da sua educa\u00e7\u00e3o. Pe\u00e7am por eles, pela intercess\u00e3o dos Beatos, e em breve Santos, Pier Giorgio Frassati e Carlo Acutis, o dom de uma f\u00e9 profunda em seu caminho de amadurecimento&#8221;, disse Le\u00e3o XIV durante &hellip; <\/p>\n<p class=\"link-more\"><a href=\"https:\/\/www.piergiorgio.com.br\/?p=1253\" class=\"more-link\">Continue lendo<span class=\"screen-reader-text\"> &#8220;Le\u00e3o XIV: por intercess\u00e3o de Acutis e Frassati, pedir o dom da f\u00e9 a crian\u00e7as e jovens&#8221;<\/span><\/a><\/p>\n","protected":false},"author":2,"featured_media":0,"comment_status":"closed","ping_status":"closed","sticky":false,"template":"","format":"standard","meta":{"footnotes":""},"categories":[13,5],"tags":[],"class_list":["post-1253","post","type-post","status-publish","format-standard","hentry","category-papas","category-ecos"],"_links":{"self":[{"href":"https:\/\/www.piergiorgio.com.br\/index.php?rest_route=\/wp\/v2\/posts\/1253","targetHints":{"allow":["GET"]}}],"collection":[{"href":"https:\/\/www.piergiorgio.com.br\/index.php?rest_route=\/wp\/v2\/posts"}],"about":[{"href":"https:\/\/www.piergiorgio.com.br\/index.php?rest_route=\/wp\/v2\/types\/post"}],"author":[{"embeddable":true,"href":"https:\/\/www.piergiorgio.com.br\/index.php?rest_route=\/wp\/v2\/users\/2"}],"replies":[{"embeddable":true,"href":"https:\/\/www.piergiorgio.com.br\/index.php?rest_route=%2Fwp%2Fv2%2Fcomments&post=1253"}],"version-history":[{"count":2,"href":"https:\/\/www.piergiorgio.com.br\/index.php?rest_route=\/wp\/v2\/posts\/1253\/revisions"}],"predecessor-version":[{"id":1255,"href":"https:\/\/www.piergiorgio.com.br\/index.php?rest_route=\/wp\/v2\/posts\/1253\/revisions\/1255"}],"wp:attachment":[{"href":"https:\/\/www.piergiorgio.com.br\/index.php?rest_route=%2Fwp%2Fv2%2Fmedia&parent=1253"}],"wp:term":[{"taxonomy":"category","embeddable":true,"href":"https:\/\/www.piergiorgio.com.br\/index.php?rest_route=%2Fwp%2Fv2%2Fcategories&post=1253"},{"taxonomy":"post_tag","embeddable":true,"href":"https:\/\/www.piergiorgio.com.br\/index.php?rest_route=%2Fwp%2Fv2%2Ftags&post=1253"}],"curies":[{"name":"wp","href":"https:\/\/api.w.org\/{rel}","templated":true}]}}