{"id":174,"date":"2010-10-12T15:28:44","date_gmt":"2010-10-12T18:28:44","guid":{"rendered":"http:\/\/victormellao.com.br\/piergiorgio\/?p=174"},"modified":"2019-07-09T11:52:02","modified_gmt":"2019-07-09T14:52:02","slug":"adoracao-eucaristica","status":"publish","type":"post","link":"https:\/\/www.piergiorgio.com.br\/?p=174","title":{"rendered":"Adora\u00e7\u00e3o Eucar\u00edstica"},"content":{"rendered":"<p align=\"left\" class=\"black\"><strong>Canto inicial (\u00e0 escolha).<\/strong><br \/>\n<strong>Dirigente:<\/strong> Em nome do Pai e do Filho e do Esp\u00edrito Santo.<\/p>\n<p><strong>Todos: <\/strong>Am\u00e9m.<br \/>\n<strong>Dirigente: <\/strong>Pier Giorgio desejava  tanto ver Jesus que dizia: \u201c<em>O dia de minha morte ser\u00e1  o dia mais belo da minha vida<\/em>\u201d, mas, no entanto, sentia uma  necessidade urgente de estar sempre pr\u00f3ximo ao Sant\u00edssimo Sacramento. Pier  Giorgio acompanhava o Sant\u00edssimo nas prociss\u00f5es e, tamb\u00e9m, participava com  entusiasmo dos Congressos Eucar\u00edsticos. Mas, sobretudo, amava passar longas  horas em adora\u00e7\u00e3o noturna; a alegria de Pier&nbsp;  Giorgio era igualmente grande quando conseguia trazer, aos p\u00e9s de Jesus  Eucar\u00edstico, os seus amigos, os jovens, os pobres que assistia, etc.<\/p>\n<p><strong>Leitor 1:<\/strong> Relata um padre  sacramentino; \u201cEra no ano de 1920, numa noite de adora\u00e7\u00e3o noturna, na nossa  Igreja de Santa Maria de Piazza, na cidade de Turim, eram j\u00e1 passadas as 23h.  Pier Giorgio devia ter uns 23 anos.&nbsp; Eu  apenas tinha entrado no coro para minha hora de adora\u00e7\u00e3o quando,  repentinamente, ouvi a campainha e fui abrir a porta para ver do que se  tratava. Qual n\u00e3o foi minha consoladora surpresa quando me vi diante de um belo  jovem, que eu n\u00e3o conhecia, que me disse que viera para fazer a sua adora\u00e7\u00e3o&#8230;  Fiz observar ao meu gentil interlocutor que naquela noite n\u00e3o havia adora\u00e7\u00e3o  para os jovens, mas somente para os religiosos. Eu o exortei para que  retornasse \u00e0 sua casa antes que a hora ficasse ainda mais tarde do que estava.  O&nbsp; meu conselho n\u00e3o deteve o generoso  jovem mas, com voz suplicante, insistiu que eu o deixasse entrar, pois ele  faria sua adora\u00e7\u00e3o por si mesmo sem atrapalhar os nossos religiosos. Minhas  justas observa\u00e7\u00f5es de nada valeram, e suas doces insist\u00eancias foram tais que  acabei por content\u00e1-lo. Feliz pela vit\u00f3ria alcan\u00e7ada, se dirigiu para a igreja\u201d.<\/p>\n<p><strong>Leitor 2:<\/strong> \u201cEntrou no presbit\u00e9rio  e fazendo uma profunda prostra\u00e7\u00e3o, ajoelhou-se em um dos genuflex\u00f3rios do coro  da Igreja. Durante a hora que eu passei em sua companhia, fui grandemente  edificado pelo seu exemplar comportamento, e pude notar todas as santas  maneiras que ele usava para se manter acordado, apesar das insist\u00eancias do sono  e do cansa\u00e7o: \u00e0s vezes se levantava, \u00e0s vezes lia, \u00e0s vezes recitava o ros\u00e1rio  e assim passou toda a noite, at\u00e9 \u00e0s 4h da manh\u00e3, hora em que pediu e recebeu a  santa Comunh\u00e3o. Ainda depois disso, ficou uma hora em A\u00e7\u00e3o de Gra\u00e7as. \u00c0s 5h,  quando a igreja se abriu para o p\u00fablico, ele saiu tranq\u00fcilamente\u201d.<\/p>\n<p><strong>Leitor 1: Da mensagem do  Papa Jo\u00e3o Paulo II para a XIX Jornada Mundial da Juventude:<\/strong><br \/>\n<em>Caros jovens, [&#8230;] como o  jovem rico do Evangelho, procurem tamb\u00e9m v\u00f3s a Jesus para lhe perguntar: \u201cQue  coisa devo fazer para ter a vida eterna?\u201d (Mc 10, 17). O evangelista Marcos  especifica que Jesus o olhou e o amou: [&#8230;] o aspecto mais sublime da  dignidade do homem est\u00e1 propriamente na sua voca\u00e7\u00e3o de se comunicar com Deus  nessa profunda troca de olhares que transforma a vida. Para ver Jesus \u00e9 preciso  antes de tudo deixar-se olhar por ele: [&#8230;] Procurem, de todos as maneiras,  produzir esse encontro, olhando Jesus que vos procura apaixonadamente<\/em>.&nbsp;<\/p>\n<p><strong>Leitor 2: Leitura do livro  do profeta Isaias (Is 43, 1-7)<\/strong><br \/>\n\u201cMas, agora, assim fala o Senhor que  te criou Jac\u00f3, que te formou Israel: N\u00e3o tenhas medo, pois eu te resgatei, te  chamei pelo nome, tu \u00e9s meu. Se passares atrav\u00e9s das \u00e1guas, estarei contigo,  atrav\u00e9s dos rios, n\u00e3o te submergir\u00e3o. Se caminhares no meio do fogo n\u00e3o ser\u00e1s  queimado e a chama n\u00e3o te calcinar\u00e1 mais, no meio de ti, pois eu, o Senhor, eu  sou teu Deus, o Santo de Israel, teu Salvador. Eu dei o Egito em resgate de ti,  Kush e Seb\u00e1 em troca de ti, pelo fato de valeres muito aos meus olhos, de teres  peso e de eu te amar; dou, pois, homens em troca de ti, popula\u00e7\u00f5es em troca de  sua pessoa. Porque \u00e9s preciso aos meus olhos, porque \u00e9s digno de estima e eu te  amo\u201d.<\/p>\n<p><strong>SIL\u00caNCIO<\/strong><br \/>\n<strong>Leitor:<\/strong> Ter\u00e7a feira, 30 de  junho de 1925. S\u00f3 quatro dias separam Pier Giorgio da morte; todos os seus  gestos j\u00e1 est\u00e3o imersos em uma dimens\u00e3o nova: a eternidade.<br \/>\n<strong>Diz sua irm\u00e3,Luciana: <\/strong>&nbsp;<\/p>\n<p>\u201cPassavam das onze horas quando, subindo  lentamente as escadas, entrou no pequeno c\u00f4modo alugado do seu amigo chamado  Franz Masseti. Tinha os olhos tristes e os l\u00e1bios tensos de dor: os poucos  passos percorridos o haviam cansado mortalmente e precisou sentar rapidamente.  Ele era apenas a sombra do Pier Giorgio que tinha escalado o Monte Monviso e a  Grivola [grandes montanhas nas proximidades de Turim], caminhado por dias  inteiros pelas montanhas. \u201cTenho comigo um livro de Santa Catarina\u201d, disse ao  amigo, procurando nos bolsos o \u00fanico livro que conseguia ler naqueles dias,  talvez a \u00fanica coisa capaz de o&nbsp;  consolar: \u201cVou ler uma p\u00e1gina para voc\u00ea\u201d e&nbsp; recordou o dia divino em que foi concedido \u00e0  Santa Catarina um encontro com o Redentor. Quando fechou o livro, o seu olhar  transformado pela enfermidade e pelo sofrimento se havia transformado  cintilantemente pela alegria daquela sublime medita\u00e7\u00e3o. Ao passo que o amigo o  olhava sem entender, Pier Giorgio comentou: \u201cQue riqueza teve Santa Catarina de  ver Jesus sobre esta terra! \u201d. Silenciou um momento, e depois respondeu: \u201cEu a  invejo\u201d.<\/p>\n<p><strong>Todos:<\/strong><br \/>\n\u201cEsp\u00edrito Santo, vinde ao meu  cora\u00e7\u00e3o. Dai-me caridade e temor. Guardai-me, Cristo, de todo mau pensamento;  aquecei-me e inflamei-me pelo teu Sant\u00edssimo Amor. Sim, que toda afli\u00e7\u00e3o me  pare\u00e7a ligeira. Meu Santo Pai e meu doce Senhor. Ajudai-me em todas as minhas  necessidades. Cristo amor. Cristo amor. Am\u00e9m\u201d.<br \/>\nSanta Catarina de  Sena<br \/>\n<strong>Dirigente: <\/strong>\u201cQueremos ver Jesus\u201d,  pedem os gregos ao ap\u00f3stolo Filipe, \u201cQueremos ver Jesus\u201d grita a humanidade  ferida pelo pecado. \u201cQueremos ver Jesus\u201d, esperam e imploram, do purgat\u00f3rio, os  jovens que em vida n\u00e3o conseguiram seguir o conselho de Pier Giorgio: \u201c<em>Creio que a vida deve ser uma prepara\u00e7\u00e3o cont\u00ednua para a outra, porque  n\u00e3o se sabe nunca o dia e a hora de nossa morte<\/em>\u201d. Queremos ver Jesus  esta noite, seguros de que o olhar de nosso amigo Bem-Aventurado, fixo na luz  do Criador, nos acompanha e nos sustenta na contempla\u00e7\u00e3o.<\/p>\n<p><strong>CANTO DE EXPOSI\u00c7\u00c3O DO  SANT\u00cdSSIMO SACRAMENTO<\/strong><br \/>\n<strong>Hino \u201cAdoro te devote\u201d ou  \u201cT\u00e3o Sublime Sacramento\u201d de S\u00e3o Tom\u00e1s de Aquino.<\/strong><\/p>\n<p><strong>Dirigente:<\/strong> Como algo que o amor  produz rapidamente, eu te adoro, \u00f3 Deus, que se esconde e verdadeiramente d\u00e1-se  a n\u00f3s, imortalizado nestes s\u00edmbolos.<br \/>\n<strong>Todos: <\/strong>O cora\u00e7\u00e3o se submete  inteiramente a Ti, que \u00e9s t\u00e3o grande e vence tudo com sua for\u00e7a penetrante.<\/p>\n<p><strong>Dirigente:<\/strong> Se me deixo guiar por  aquilo que vejo, que toco, que degusto, eu caio no engano. Eu posso somente  desenvolver minha escuta: mas isto basta para dar seguran\u00e7a \u00e0 minha f\u00e9.<br \/>\n<strong>Todos:<\/strong> Tudo aquilo que o Filho  de Deus disse, eu o creio: nada \u00e9 mais verdadeiro do que Suas palavras de  verdade.<br \/>\n<strong>Dirigente:<\/strong> \u00d3 memorial da morte do  Senhor! \u00d3 P\u00e3o Vivo, que d\u00e1 continuamente vida ao homem! D\u00e1-me uma gra\u00e7a: que  minha alma viva de Ti, e sempre tenha gosto por Ti, sendo assim agradecida.<\/p>\n<p><strong>Todos:<\/strong> Estou olhando-te,  Jesus, que est\u00e1s atr\u00e1s desse v\u00e9u. Estou sedento e lhe fa\u00e7o uma ora\u00e7\u00e3o:  Ensina-me a vivenciar o teu Amor. Que a minha vida seja uma constante ben\u00e7\u00e3o  para todos. Que eu possa sentir que nunca estou sozinho nesta estrada, Tu  caminhas comigo.<\/p>\n<p align=\"left\" class=\"black\"><strong>Leitor: Da Enc\u00edclica de Jo\u00e3o  Paulo II: Ecclesia de Eucharistia<\/strong><br \/>\n&nbsp;&nbsp;&nbsp;&nbsp;&nbsp;&nbsp;&nbsp;&nbsp;&nbsp;&nbsp;&nbsp; Contemplar  o rosto de Cristo, e contempl\u00e1-lo com Maria, \u00e9 o \u201cprograma\u201d que propus \u00e0 Igreja  na aurora do terceiro mil\u00eanio, convidando-a a criar ra\u00edzes no grande mar da  hist\u00f3ria com o entusiasmo da nova evangeliza\u00e7\u00e3o.<\/p>\n<p><strong>Dirigente:<\/strong> Pe\u00e7amos a Pier Giorgio  para interceder por n\u00f3s, para que os nossos olhos sejam dignos de elevar-se <em>mais alto para \u00faltima salva\u00e7\u00e3o<\/em> \u2013 junto com a Virgem Maria,  para a qual nos voltamos com aquelas mesmas palavras que ele usava, sendo um jovem  universit\u00e1rio.<br \/>\n[Pier Giorgio escreveu e pregou na  porta do seu quarto estes versos do \u201cPara\u00edso\u201d de Dante, nas quais S\u00e3o Bernardo  intercede junto \u00e0 Virgem para que seja concedida a gra\u00e7a de ver Deus]<\/p>\n<p><strong>Todos:<\/strong><br \/>\n(recite-se este texto lentamente para  favorecer a medita\u00e7\u00e3o)<br \/>\n\u201c\u00d3  Virgem M\u00e3e, filha do Filho teu,<br \/>\nhumilde  e mais sublime criatura,<br \/>\npedra  angular do des\u00edgnio do C\u00e9u;<\/p>\n<p>tu  foste aquela que a humana Natura<br \/>\nassim  enobreceu, que o seu Feitor<br \/>\nn\u00e3o  desdenhou de assumir sua figura.<br \/>\nReacende-se  no ventre do teu Amor,<br \/>\npor  cujo alento, na eterna bonan\u00e7a,<\/p>\n<p>germinou  aqui esta divina Flor.<br \/>\nRaio  \u00e9s que um Sol mer\u00eddio lan\u00e7a<br \/>\nde  caridade e, entre os mortais, na Terra,<br \/>\n\u00e9s a  perene fonte da esperan\u00e7a.<br \/>\nTal \u00e9  teu imp\u00e9rio que, por certo, erra<\/p>\n<p>quem  busca Gra\u00e7a, e a ti n\u00e3o recorre,<br \/>\ncomo a  voar sem asas quem se aferra.<br \/>\nN\u00e3o s\u00f3  a benignidade tua socorre<br \/>\na quem  a implora, mas, por tua vontade,<br \/>\nantes  rogo, muita vez, j\u00e1 ocorre.<\/p>\n<p>Em ti  miseric\u00f3rdia, em ti piedade,<br \/>\nem ti  grandeza; \u00e9 em ti que se consuma<br \/>\nquanto  haja uma criatura de bondade.<br \/>\nOra,  este que d\u00e1 \u00ednfima pra suma<\/p>\n<p>situa\u00e7\u00e3o  do Universo olhando vem<br \/>\nvidas  espirituais, de uma em uma,<br \/>\na  Gra\u00e7a pede a ti de que tamb\u00e9m<br \/>\na  virtude dos olhos seus levantes,<br \/>\npor  subir \u00e0 vis\u00e3o do Sumo Bem.<\/p>\n<p>E eu  que por minha vista nunca antes,<br \/>\nque  ora por sua, mais ardi, toda prece<br \/>\nte  oferto, e espero que sejam bastantes<br \/>\npra  que da n\u00e9voa ele se desempece<br \/>\nda  humanidade sua, rogo que guarde s\u00e3os, ap\u00f3s tanta vis\u00e3o, os afetos seus.<\/p>\n<p><strong>Leitor: Da Enc\u00edclica de Jo\u00e3o  Paulo II: Ecclesia de Eucharistia<\/strong><br \/>\nContemplar Cristo implica saber  reconhec\u00ea-lo onde quer que ele se manifeste, nas suas m\u00faltiplas presen\u00e7as, mas,  sobretudo, no Sacramento vivo do Seu corpo e do Seu sangue.<\/p>\n<p align=\"left\" class=\"black\"><strong>PRIMEIRO MOMENTO:<\/strong><br \/>\n<strong><u>Queremos ver a presen\u00e7a de Jesus na beleza das criaturas<\/u><\/strong><\/p>\n<p><strong>Leitor: <\/strong><br \/>\n<strong>Em 6 de agosto de 1923 Pier  Giorgio<\/strong> <strong>escreveu a Marco Beltramo:<\/strong><br \/>\n<em>\u201cEu deixei meu cora\u00e7\u00e3o sobre  as montanhas com a esperan\u00e7a de reencontr\u00e1-lo neste ver\u00e3o, fazendo a escalada  do Monte Branco. A cada dia que passa me apaixono mais e mais pelas montanhas,  e gostaria, se meus estudos me permitissem, de passar dias inteiros sobre as  montanhas a contemplar, naquele ar puro, a Grandeza do Criador\u201d.<\/em><br \/>\n<strong>Dirigente:<\/strong> N\u00e3o era segredo pra  ningu\u00e9m que Pier Giorgio tinha no cora\u00e7\u00e3o o \u201cdesejo da luz do sol, de ir sempre  mais Para o Alto, de ir encontrar Deus nos cumes das montanhas\u201d. Percebemos um mist\u00e9rio em Frassati como  se ele estivesse recebendo olhares do c\u00e9u, como se ele aprendesse  a viver uma pureza atrav\u00e9s dos montes n\u00e3o contaminados cheios de neve, como se  retirasse uma for\u00e7a corajosa das rochas montanhesas. N\u00e3o \u00e9 segredo que na  cria\u00e7\u00e3o se esconde o rosto invis\u00edvel e maravilhoso do Criador. Entretanto,  permanece ainda um mist\u00e9rio a ser meditado na imensid\u00e3o das estrelas e na  sabedoria dos astros, no eterno revezamento das esta\u00e7\u00f5es, no dom de um Deus que  nasce no mundo para fazer com que o homem possa se encontrar com o Seu olhar de  amor.<\/p>\n<p><strong>Leitor:<\/strong><br \/>\n<strong>Do testemunho de Carlos  Amodei, companheiro de excurs\u00f5es de<\/strong> <strong>Pier Giorgio:<\/strong><br \/>\n\u201cFalava como um ap\u00f3stolo da suprema  beleza sobre a subida que fazia nas montanhas. Uma noite, no albergue em Turim,  quando sa\u00ed para o p\u00e1tio, nos chegou aos olhos a luz da lua que estava grande  sobre o Monte Branco ao fundo. Naquele sublime espet\u00e1culo que estava diante de  n\u00f3s, somente ele soube recordar da Grandeza do Senhor, Criador do c\u00e9u e da  terra para quem Pier Giorgio&nbsp; costumava  dirigir os cantos do seu entusiasmo\u201d.<\/p>\n<p><strong>C\u00e2ntico das criaturas de S\u00e3o  Francisco de Assis<\/strong><br \/>\nAlt\u00edssimo,  onipotente, bom Senhor,<br \/>\nTeus  s\u00e3o o louvor, a gl\u00f3ria, a honra<br \/>\nE toda  a ben\u00e7\u00e3o<\/p>\n<p>S\u00f3 a  ti Alt\u00edssimo s\u00e3o devidos;<br \/>\nE  homem algum \u00e9 digno<br \/>\nDe te  mencionar<br \/>\nLouvado  sejas, meu Senhor,<\/p>\n<p>Com  todas as tuas criaturas,<br \/>\nEspecialmente  o Senhor irm\u00e3o Sol,<br \/>\nQue  clareia o dia<br \/>\nE com  sua luz nos alumia.<br \/>\nE ele  \u00e9 belo e radiante<\/p>\n<p>Com  grande esplendor.<br \/>\nDe ti,  Alt\u00edssimo, \u00e9 a imagem<br \/>\n<strong>Cantar  refr\u00e3o de \u201cLouvado Seja\u201d<\/strong><br \/>\nLouvado  sejas, meu Senhor,<\/p>\n<p>Pela  irm\u00e3 Lua e as Estrelas,<br \/>\nQue no  c\u00e9u formastes claras<br \/>\nE  preciosas e belas.<br \/>\nLouvado  sejas, meu Senhor,<br \/>\nPelo  irm\u00e3o Vento,<\/p>\n<p>Pelo  ar, ou nublado<br \/>\nOu  sereno, e todo o tempo,<br \/>\nPelo  qual \u00e0s tuas criaturas d\u00e1s sustento<br \/>\n<strong>Cantar  refr\u00e3o de \u201cLouvado Seja\u201d<\/strong><br \/>\nLouvado  sejas, meu Senhor,<\/p>\n<p>Pela  irm\u00e3 \u00c1gua,<br \/>\nQue \u00e9  mui \u00fatil e humilde<br \/>\nE  preciosa e casta.<br \/>\nLouvado  sejas, meu Senhor,<\/p>\n<p>Pelo  irm\u00e3o Fogo.<br \/>\nPelo  qual iluminas a noite.<br \/>\nE ele  \u00e9 belo e alegre<br \/>\nE  vigoroso e forte.<br \/>\n<strong>Cantar  refr\u00e3o de \u201cLouvado Seja\u201d<\/strong><\/p>\n<p>Louvado  sejas, meu Senhor,<br \/>\nPor  nossa m\u00e3e Terra,<br \/>\nQue  nos sustenta e governa<br \/>\nE  produz frutos diversos<br \/>\nE  coloridas flores e ervas.<br \/>\nLouvado  sejas, meu Senhor,<\/p>\n<p>Pelos  que perdoam por teu amor,<br \/>\nE  suportam as enfermidades e tribula\u00e7\u00f5es.<br \/>\nBem  Aventurados os que sustentam a Paz,<br \/>\nQue  por ti, Alt\u00edssimo, ser\u00e3o coroados.<br \/>\n<strong>Cantar  refr\u00e3o de \u201cLouvado Seja\u201d<\/strong><\/p>\n<p>Louvado  sejas, meu Senhor,<br \/>\nPor  nossa irm\u00e3 a Morte corporal,<br \/>\nDa  qual homem algum pode escapar.<br \/>\nAi dos  que morrerem em pecado mortal!<br \/>\nFelizes  os que ela achar<\/p>\n<p>Conforme  \u00e0 tua sant\u00edssima vontade,<br \/>\nPorque  a morte segunda n\u00e3o lhes far\u00e1 mal!<br \/>\nLouvai  e bendizei a meu Senhor,<br \/>\nE  dai-lhe gra\u00e7as,<\/p>\n<p>e  servi-o com grande humildade.<br \/>\n<strong>Ora\u00e7\u00e3o silenciosa de  adora\u00e7\u00e3o:<\/strong><br \/>\n(Que possamos exprimir com  simplicidade a nossa gratid\u00e3o ao Senhor por tudo aquilo que foi criado!  Pedindo-Lhe que nos d\u00ea o mesmo entusiasmo com o qual Pier Giorgio ajudava aos  fracos e aos cansados a vencer seus obst\u00e1culos, comparando esse esporte  praticado por ele \u00e0 nossa ascens\u00e3o espiritual: \u201c<em>Quanto mais  alto n\u00f3s formos, mais sentiremos a voz de Cristo<\/em>\u201d)<\/p>\n<p><strong>Dirigente<\/strong>: Do alto se pode  admirar a beleza da cria\u00e7\u00e3o e a grandeza do seu Criador. Do alto, todas as  coisas aparecem distintas, porque&nbsp; est\u00e3o  sendo observadas de uma nova perspectiva, mais pr\u00f3xima da Verdade. Assim, se  invertem muitos das coisas que julgamos como importantes e fazem parecer grande  e infinito aquilo que antes parecia ser pequeno e in\u00fatil. Pier Giorgio, o homem  das oito bem-aventuran\u00e7as, foi visto olhando o mundo por esta perspectiva:<br \/>\n<strong>Leitura do Evangelho de  Mateus:<\/strong><br \/>\n\u201cAo ver as multid\u00f5es, Jesus subiu \u00e0  montanha. Sentou-se, e seus disc\u00edpulos aproximaram-se dele. E, tomando a  palavra, ele os ensinava:<\/p>\n<p>\u201cBem Aventurado os pobres de cora\u00e7\u00e3o:  deles \u00e9 o Reino dos C\u00e9us.<br \/>\nBem Aventurados os mansos: seu  quinh\u00e3o ser\u00e1 a terra.<br \/>\nBem Aventurados os que choram: eles  ser\u00e3o consolados.<br \/>\nBem Aventurados os que t\u00eam fome e  sede de justi\u00e7a: eles ser\u00e3o saciados.<\/p>\n<p>Bem Aventurados os misericordiosos:  eles alcan\u00e7ar\u00e3o miseric\u00f3rdia.<br \/>\nBem Aventurados os puros de cora\u00e7\u00e3o:  eles ver\u00e3o a Deus.<br \/>\nBem Aventurados os que agem em prol  da paz: eles ser\u00e3o chamados filhos de Deus.<br \/>\nBem Aventurados os perseguidos por  causa da justi\u00e7a: deles \u00e9 o Reino dos c\u00e9us.<\/p>\n<p>Bem Aventurados sois v\u00f3s quando vos  insultam, vos perseguem e mentindo dizem contra voz toda a esp\u00e9cie de mal por  minha causa. Alegrai-vos e regozijai-vos, porque grande \u00e9 a vossa recompensa  nos c\u00e9us \u201c.\u201d.<br \/>\n<strong>Canto \u201cSobre as asas da  \u00e1guia\u201d ou o salmo 18 recitado<\/strong><br \/>\n\u201cOs c\u00e9us narram a gl\u00f3ria de Deus,<\/p>\n<p>O firmamento proclama a obra de suas  m\u00e3os.<br \/>\nO dia transmite a mensagem ao dia,<br \/>\nE a noite a faz conhecer \u00e0 noite.<br \/>\nN\u00e3o \u00e9 o discurso, n\u00e3o h\u00e1 palavras,<\/p>\n<p>N\u00e3o se lhes ouve a voz.<br \/>\nSua harmonia se estende sobre a  terra,<br \/>\nE sua linguagem, at\u00e9 as extremidades  do mundo.<br \/>\nL\u00e1, Deus armou uma tenda para o sol,<br \/>\nQual jovem esposo saindo do seu  quarto,<\/p>\n<p>Um campe\u00e3o feliz por trilhar seu  percurso.<br \/>\nEle surge de uma extremidade do c\u00e9u,<br \/>\nE desce da outra,<br \/>\nNada escapa ao seu calor\u201d.<\/p>\n<p align=\"left\">&nbsp;<\/p>\n<p align=\"left\">&nbsp;<\/p>\n<p align=\"left\" class=\"black\"><strong>SEGUNDO MOMENTO:<\/strong><br \/>\n<strong><u>Queremos ver Jesus nos pobres<\/u><\/strong><br \/>\n<strong>Da mensagem de Jo\u00e3o Paulo II  para a XIX Jornada Mundial da Juventude<\/strong><br \/>\nCaros amigos, se voc\u00eas aprenderem a  descobrir Jesus na Eucaristia, voc\u00eas tamb\u00e9m saber\u00e3o descobri-Lo nos vossos  irm\u00e3os e irm\u00e3s e, em particular, nos mais pobres. A Eucaristia recebida com amor  e adorada com fervor torna-se escola de liberdade e de caridade para realizar o  mandamento do amor. Jesus nos fala a maravilhosa linguagem do Seu dom e do amor  at\u00e9 o sacrif\u00edcio da pr\u00f3pria vida. \u00c9 um discurso f\u00e1cil? N\u00e3o!<\/p>\n<p><strong>Dirigente:&nbsp;&nbsp;&nbsp;&nbsp;&nbsp;&nbsp; <\/strong><br \/>\n<strong>A um amigo que perguntava  como ele fazia para entrar em nos corti\u00e7os f\u00e9tidos, Pier Giorgio<\/strong> <strong>respondia<\/strong>:<br \/>\n<em>\u201cRecorde-se que voc\u00ea est\u00e1  indo em dire\u00e7\u00e3o de Cristo: Jesus n\u00e3o disse: \u2018cada vez que fizerem estas coisas  a um s\u00f3 desses meus pequeninos irm\u00e3os, o ter\u00e3o feito a mim\u2019? Em torno do  doente, do miser\u00e1vel, em torno do desfavorecido, eu posso ver uma luz  particular, uma luz que n\u00e3o temos em n\u00f3s\u201d.<\/em><\/p>\n<p>\u00c9 pobre aquele que n\u00e3o tem bens  materiais, mas tamb\u00e9m \u00e9 pobre  aquele que n\u00e3o consegue ver al\u00e9m das apar\u00eancias, quem n\u00e3o  entende, quem n\u00e3o ama.Nenhum tipo de  pobreza escapa aos olhos de Pier Giorgio. Ela sabia reconhecer a pobreza com  precis\u00e3o porque podia ver o brilho da luz de Jesus. Por isso ele chegava a  dizer:<br \/>\n\u201c<em>Jesus me visita todas as  manh\u00e3s na comunh\u00e3o e eu o restituo do modo miser\u00e1vel que eu posso: visitando os  pobres<\/em>\u201d.<\/p>\n<p><strong>SIL\u00caNCIO<\/strong><br \/>\n<strong>Todos: \u201cAmbicionai os dons  melhores! E eu vou indicar-vos um caminho infinitamente superior\u201d<\/strong>.<br \/>\n<strong>Todos: <u>A caridade \u00e9  paciente<\/u><\/strong><br \/>\n<strong>Leitor: <\/strong>Depois de uma cansativa  excurs\u00e3o, enquanto os outros amigos mortos pelo cansa\u00e7o descansavam, Pier  Giorgio p\u00f4s-se a engraxar suas botas de alpinista: uma tarefa que sabia fazer  muito bem. Pouco a pouco, seus p\u00e9s ficaram amontoados com as botas de seus  amigos. Pier Giorgio recebeu, com estrondosa alegria, todo par de botinas que  lhe ca\u00eda aos p\u00e9s. Cantando, engraxou todas elas.<\/p>\n<p>(Opcional)<br \/>\nTodos os meses Pier Giorgio levava \u00e0  Igreja Nossa Senhora da Paz, os assistidos da conferencia Vicentina para se  confessarem e, no dia seguinte, os levava novamente para comungarem. Dizia em  voz alta todas as ora\u00e7\u00f5es do rito. Era comovente ver aquele jovem sendo seguido  por fam\u00edlias inteiras (Dom Jo\u00e3o Barberis).<br \/>\n<strong>Todos: <u>A caridade \u00e9  bondosa<\/u><\/strong><\/p>\n<p><strong>Leitor: <\/strong>O porteiro do Instituto  Social ficou profundamente comovido pela delicadeza de Pier Giorgio que em uma  manh\u00e3 lhe disse: \u201cAmanh\u00e3 \u00e9 anivers\u00e1rio da morte de seu filho: eu me recordarei  dele na Comunh\u00e3o\u201d.<br \/>\n<strong>Todos: <u>A caridade n\u00e3o tem  inveja<\/u><\/strong><\/p>\n<p><strong>Leitor: Escreve Pier Giorgio  ao seu amigo Marco Beltramo:<\/strong><br \/>\n\u201c<em>Eu devo agradecer a Deus  todos os dias porque me deu amigos t\u00e3o bons que formam para mim uma dire\u00e7\u00e3o  preciosa por toda minha vida<\/em>\u201d.<br \/>\n<strong>Todos<\/strong>: <strong><u>A  caridade n\u00e3o \u00e9 orgulhosa<\/u><\/strong><\/p>\n<p><strong>Leitor: <\/strong>N\u00f3s nos dirig\u00edamos  juntos para visitar os leprosos do Hospital de S\u00e3o L\u00e1zaro. Um dia, encontramos  um rapaz de vinte anos com o rosto deformado pela lepra [&#8230;]Pier Giorgio  disse-me: \u201c<em>Veja que grande valor poder viver com sa\u00fade como  n\u00f3s vivemos<\/em>\u201d. E, depois de um tempo, completou: \u201c<em>Tamb\u00e9m as deforma\u00e7\u00f5es daquele jovem desaparecer\u00e3o quando em alguns anos  ele alcan\u00e7ar o Para\u00edso. Por isso, nossa sa\u00fade deve estar a servi\u00e7o de quem n\u00e3o  a tem, pois, de outra forma, n\u00f3s ser\u00edamos infi\u00e9is ao mesmo dom de Deus e \u00e0 Sua  benevol\u00eancia<\/em>\u201d.<\/p>\n<p><strong>Todos: <u>A caridade n\u00e3o \u00e9  arrogante<\/u><\/strong><br \/>\n<strong>Leitor: <\/strong>Uma noite Pier Giorgio  voltou para casa muito tarde, por ter ficado junto com um de seus doentes. Seu  pai criticou-o severamente, perguntando-lhe porque n\u00e3o tinha telefonado para  avisar sobre a demora&#8230; Ele respondeu com grande simplicidade: \u201c<em>Onde eu estava n\u00e3o havia telefone<\/em>\u201d.<br \/>\n<strong>Todos: <u>A caridade n\u00e3o  falta com respeito<\/u><\/strong><\/p>\n<p><strong>Leitor: Antonio Cairola  recorda sobre as f\u00e9rias que passou com os amigos e Pier Giorgio:<\/strong><br \/>\n\u201cUma dia eu cheguei muito tarde no  quarto e tentei, em v\u00e3o, n\u00e3o fazer barulho para que ele n\u00e3o acordasse. Depois  que me desculpei, ele me disse: \u201c<em>Voc\u00ea fez muito bem. Eu  esqueci-me de rezar o Ros\u00e1rio: vamos rezar juntos<\/em>\u201d. Descendo da  cama, ajoelhou-se no ch\u00e3o e nos colocamos a rezar. N\u00e3o pude lhe negar o  convite, j\u00e1 que estava admirado por sua extrema delicadeza de ap\u00f3stolo, pela sua  cortesia no falar, por ele estar seguro de que eu rezaria um segundo Ros\u00e1rio.<\/p>\n<p><strong>Todos:<\/strong> <strong><u>A  caridade n\u00e3o procura o pr\u00f3prio interesse<\/u><\/strong><br \/>\n<strong>Leitor: Conta uma assistente  do Polit\u00e9cnico onde Pier Giorgio<\/strong> <strong>estudava:<\/strong><br \/>\n\u201cEu era r\u00edgida com os estudantes e  concedia licen\u00e7a das atividades s\u00f3 por raz\u00f5es graves. Uma vez, a raz\u00e3o que Pier  Giorgio me alegou para obter licen\u00e7a  foi de precisar fazer uma mudan\u00e7a urgente para uma de suas numerosas fam\u00edlias  que tinha sido despejada. N\u00e3o pude resistir ao seu pedido\u201d.<\/p>\n<p><strong>Todos: <u>A caridade n\u00e3o  irrita<\/u><\/strong><br \/>\n<strong>Leitor: <\/strong>\u201cDurante o congresso do  Partido Popular de Turim em 1923 [&#8230;] enquanto estava em vibrante discuss\u00e3o  com dom Sturzo, vi Pier Giorgio trabalhando com afinco entre o palco e a  plat\u00e9ia, distribuindo aos manifestantes daquela movimentada reuni\u00e3o vespertina,  convites coloridos para que todos se dirigissem \u00e0 Adora\u00e7\u00e3o Noturna na Igreja de  Santa Maria de Piazza. Aquela noite serena e sublime em tantas discuss\u00f5es  pol\u00edticas pareceu-me realmente celestial\u201d (Mons. G. Cavallo).<\/p>\n<p><strong>Todos: <u>A caridade n\u00e3o guarda  rancor<\/u><\/strong>&nbsp;&nbsp;&nbsp;&nbsp;&nbsp;&nbsp;<br \/>\n<strong>Leitor: <\/strong>Comentou Pier Giorgio,  sem ressentimento, quando viu um companheiro de universidade que passeava pelas  ruas de Turim todo bem vestido, a quem havia emprestado dinheiro para que ele  comprasse livros:<br \/>\n\u201cOlhe ali as minhas mil liras que foram  para o espa\u00e7o!\u201d<br \/>\n<strong>Todos: <u>A caridade n\u00e3o se  alegra com a injusti\u00e7a, mas se rejubila com a verdade<\/u><\/strong><\/p>\n<p><strong>Leitor: Recorda Jacinto  Zaqueu, um conhecido de Pier Giorgio :<\/strong><br \/>\n\u201cA injusti\u00e7a o fazia rugir de indigna\u00e7\u00e3o,  e quem viveu o per\u00edodo do nosso movimento oper\u00e1rio, sabe que Pier Giorgio sempre estava presente \u00e0s nossas reuni\u00f5es e encontros, em  que n\u00f3s defend\u00edamos os nossos direitos de oper\u00e1rio. Ele sempre dizia palavras  fraternas e afetuosas com paix\u00e3o apost\u00f3lica. Para n\u00f3s oper\u00e1rios, ele era um  irm\u00e3o\u201d.<\/p>\n<p><strong>Todos: <u>A caridade jamais  acabar\u00e1<\/u><\/strong><br \/>\n<strong>Leitor:<\/strong> \u201dEra sexta feira, dia  de sua visita aos pobres da confer\u00eancia vicentina. Da cama, onde a morte lhe  deixaria ficar apenas mais 24 horas, Pier Giorgio estava imobilizado pela poliomelite. Mas  recordou &#8211; se dos seus pobres: pediu \u00e0 sua irm\u00e3 para retirar dos bolsos de sua  jaqueta alguns objetos para que fossem entregues ao  amigo que deveria lhe acompanhar. Com a letra fr\u00e1gil e tr\u00eamula, como a sua vida  estava naquele momento, escreveu estas duas linhas: \u201c<em>Aqui est\u00e3o as inje\u00e7\u00f5es de  Converso. O seguro \u00e9 de Sappa: eu tinha me esquecido. Renove-as na minha conta<\/em> \u201c. Foi sua \u00faltima preocupa\u00e7\u00e3o: os pobres.<\/p>\n<p><strong>Ora\u00e7\u00e3o Silenciosa de  Adora\u00e7\u00e3o:<\/strong><br \/>\n(Que possamos exprimir ao Senhor, o nosso  pedido de perd\u00e3o por todas as vezes que n\u00e3o lhe retribu\u00edmos na pessoa do pobre,  no sofredor, a visita que Ele vem nos fazer na Eucaristia).<br \/>\n<strong>Dirigente:<\/strong><br \/>\n<strong>Da mensagem de Jo\u00e3o Paulo II  para a XIX Jornada Mundial da Juventude<\/strong><\/p>\n<p>&nbsp;[&#8230;] \u201cPorque amar n\u00e3o \u00e9 somente um  sentimento; \u00e9 um ato de vontade que consiste no preferir, de maneira constante,  o bem dos outros ao inv\u00e9s do pr\u00f3prio: \u2018Ningu\u00e9m tem um amor maior do que este:  dar a vida pelos pr\u00f3prios amigos\u2019 (Jo 15,13) [&#8230;] N\u00e3o fiquem surpresos de,  durante o vosso caminho, encontrarem a Cruz\u201d.<\/p>\n<p><strong>Leitor: Pier Giorgio<\/strong> <strong>escreve a  Isidoro Bonini, seu amigo, depois de ter renunciado a qualquer tentativa de  namoro com Laura, a quem amava profundamente<\/strong>:<br \/>\n\u201c<em>Eu deixei de ficar batendo na mesma tecla  dessa situa\u00e7\u00e3o t\u00e3o amarga&#8230; Eu estive nas montanhas com ela tantas vezes&#8230; Nas minhas lutas internas me  perguntava: porque eu deveria estar triste? Eu deveria sofrer e suportar de m\u00e1  vontade este sacrif\u00edcio? Ser\u00e1 que eu talvez tenha perdido a f\u00e9? N\u00e3o, gra\u00e7as a  Deus, a minha F\u00e9 \u00e9 suficientemente  firme. Por isso,  aprofundemos e reforcemos a F\u00e9, que \u00e9 a nossa \u00fanica Alegria com a qual algu\u00e9m  pode ser pago neste mundo.<\/em><\/p>\n<p><em>Todo sacrif\u00edcio vale pela F\u00e9: e mesmo porque, como  cat\u00f3licos, n\u00f3s temos um amor que supera todos os outros. Depois daquele amor  que \u00e9 devido a Deus, esse amor humano \u00e9 imensamente belo, como \u00e9 bela a nossa  religi\u00e3o&#8230; A caridade sem a qual, diz S\u00e3o Paulo, nenhuma outra virtude \u00e9  valida.<\/em><\/p>\n<p><em>&nbsp;&nbsp;&nbsp;&nbsp;&nbsp;&nbsp;&nbsp;&nbsp;&nbsp;&nbsp;&nbsp; A Caridade sim pode ser uma guia, uma orienta\u00e7\u00e3o para toda  a vida. E por isso, o meu projeto de vida est\u00e1 nisto: transformar  aquela simpatia natural que eu tinha por Laura e que n\u00e3o foi poss\u00edvel levar at\u00e9  o fim, com a luz da Caridade, num respeitoso v\u00ednculo da intensa amizade crist\u00e3.  Talvez voc\u00ea poder\u00e1 me dizer que \u00e9 loucura  superar isso, mas se voc\u00ea rezar um pouco por mim, em pouco tempo eu chegarei ao  meu objetivo.<\/em><\/p>\n<p><em>&nbsp;&nbsp;&nbsp;&nbsp;&nbsp;&nbsp;&nbsp;&nbsp;&nbsp;&nbsp;&nbsp; Aqui est\u00e1 o meu projeto de vida, que eu espero  alcan\u00e7ar&nbsp; com a Gra\u00e7a de Deus, mesmo que  me custe o sacrif\u00edcio da vida terrena, mas isso pouco importa<\/em>\u201d (6 de mar\u00e7o de 1925).<br \/>\n<strong>Dirigente:&nbsp;&nbsp;&nbsp;&nbsp;&nbsp;&nbsp; <\/strong>De toda a cruz, um dom  infinito, de todo sofrimento um milagre de amor. Pe\u00e7amos ao Senhor a confian\u00e7a  e a for\u00e7a com a qual Pier Giorgio, no sofrimento, podia afirmar como nesta  carta a Isidoro Bonini:<\/p>\n<p>\u201cNessa luta de hoje, eu n\u00e3o posso deixar de agradecer a Deus que, na Sua  Miseric\u00f3rdia Infinita, quis conceder ao meu cora\u00e7\u00e3o esta dor a fim de que  atrav\u00e9s dos \u00e1rduos espinhos eu retornasse  a uma vida mais interiorizada e mais espiritual. At\u00e9 agora eu estava muito  fixado em coisas materiais. Agora eu preciso retemperar o esp\u00edrito para que a  cada dia, de hoje em diante, seja uma nova batalha para combater e uma nova  vit\u00f3ria para conquistar\u201d (6 de mar\u00e7o de 1925).<br \/>\nMaravilhados, Redescobriremos os  frutos infinitos de todos os sacrif\u00edcios, do valor inestim\u00e1vel de toda cruz  levada com coragem junto a Jesus.<\/p>\n<p><strong>Leitor: Da Enc\u00edclica de Jo\u00e3o  Paulo II: Ecclesia de Eucharistia<\/strong><br \/>\nO Senhor Jesus, na noite em que foi  tra\u00eddo instituiu o Sacrif\u00edcio eucar\u00edstico do Seu corpo e do Seu sangue (I Cor 11,23).  As palavras do ap\u00f3stolo Paulo nos contam a circunst\u00e2ncia dram\u00e1tica na qual  nasce a Eucaristia. A Eucaristia traz em Si indelevelmente a inscri\u00e7\u00e3o da  paix\u00e3o e da morte do Senhor. N\u00e3o \u00e9 s\u00f3 a evoca\u00e7\u00e3o, mas a representa\u00e7\u00e3o  sacramental. \u00c9 o sacrif\u00edcio da Cruz que se perpetua nos s\u00e9culos.<\/p>\n<p><strong>Canto<\/strong><br \/>\n<strong>TERCEIRO MOMENTO<\/strong><br \/>\n<strong><u>Queremos ver Jesus no Sacramento vivo do seu corpo e do seu sangue<\/u><\/strong><br \/>\n<strong>Dirigente:<\/strong> Aquela Luz particular  que Pier Giorgio consegue ver de longe nos pobres \u00e9 oculta e misteriosa. Mas  como Pier Giorgio, pode reconhec\u00ea-la quem j\u00e1 contemplou essa Luz em um  esplendor mais intenso durante as noites de adora\u00e7\u00e3o: na alva luz da Eucaristia  o cora\u00e7\u00e3o puro de Pier Giorgio soube reconhecer o rosto de Cristo.<\/p>\n<p><strong>Leitor: Do discurso de Pier  Giorgio aos jovens da cidade de Pollone:<\/strong><br \/>\n\u201c<em>Eu os exorto, com todas as  for\u00e7as, a se aproximarem, o m\u00e1ximo poss\u00edvel, do Banquete Eucar\u00edstico:  alimentem-se do P\u00e3o dos Anjos e obtenham deste P\u00e3o a for\u00e7a para combater as  lutas contra as paix\u00f5es e contra todas as adversidades, porque Jesus Cristo  prometeu, \u00e0queles que se alimentam da Sant\u00edssima Eucaristia, a  Vida Eterna e as Gra\u00e7as necess\u00e1rias para obt\u00ea-la. E quando estiverem totalmente  consumados do fogo Eucar\u00edstico, ent\u00e3o voc\u00eas poder\u00e3o agradecer conscientemente  ao Senhor Deus, que os chamou a fazer parte do grupo de seus eleitos e, assim,  gozar\u00e3o daquela paz, que os que se consideram felizes pelo mundo nunca  provaram. Isto porque a verdadeira felicidade, ou juventude, n\u00e3o consiste nos  prazeres do mundo e nas coisas terrenas, mas na paz de consci\u00eancia que se obt\u00e9m  somente quando se \u00e9 puro de cora\u00e7\u00e3o e de mente<\/em>\u201d.<\/p>\n<p><strong>Ora\u00e7\u00e3o  em sil\u00eancio.<\/strong><br \/>\n<strong>Leitor:  \u201c<\/strong>N\u00e3o era necess\u00e1rio se voltar durante a adora\u00e7\u00e3o  para saber que Pier Giorgio estava  entrando na igreja: ele tinha um jeito de andar todo seu. Caminhava direto at\u00e9  o Sant\u00edssimo Sacramento que estava exposto e, depois, se colocava de joelhos,  permanecendo ali por um per\u00edodo de tr\u00eas Ave Marias antes de ir at\u00e9 seu banco\u201d.<\/p>\n<p><strong>Todos:<\/strong> D\u00e1-nos, Senhor, a for\u00e7a do Testemunho, o fervor da F\u00e9, a ternura pela Sua  presen\u00e7a, o entusiasmo pelo Seu amor.<br \/>\n<strong>Kyrie  Eleison (Cantado)<\/strong><br \/>\n<strong>Leitor:  Do testemunho de Dom Tom\u00e1s Castanho:<\/strong><\/p>\n<p>\u201cRecordo-me bem de Pier Giorgio na  catedral de Turim, durante uma noite de adora\u00e7\u00e3o: estava ajoelhado sobre o  pavimento, cercado de outros jovens que iam e retornavam da comunh\u00e3o. A cera  derretida ca\u00eda dos candelabros sobre sua roupa e parecia que n\u00e3o estava lhe  acontecendo nada, de t\u00e3o concentrado que estava, absorto na ora\u00e7\u00e3o. Ent\u00e3o, eu  compreendi o que era a comunh\u00e3o para ele, a vida Eucar\u00edstica\u201d.<br \/>\n<strong>Todos:<\/strong> Da\u00ed-nos, Senhor, um  olhar l\u00edmpido para contemplar a beleza do Seu rosto, a vontade firme de  penetrar no seu mist\u00e9rio, um cora\u00e7\u00e3o livre dos pesos do pecado para nos deixar arrebatar pelo c\u00e2ndido  esplendor da Sua Eucaristia.<\/p>\n<p><strong>Kyrie  Eleison (Cantado)<\/strong><br \/>\n<strong>Leitor: \u201c<\/strong>Durante algumas vig\u00edlias eucar\u00edsticas o rosto de Pier Giorgio se  transfigurava de alegria e consola\u00e7\u00e3o ao ver centenas de jovens se aproximando  da comunh\u00e3o\u201d.<br \/>\n<strong>Todos<\/strong>: Dai-nos Senhor, um  cora\u00e7\u00e3o sempre atento \u00e0s necessidades dos outros e concede-nos amizades e  afetos fundamentados sobre aquele \u201c<em>v\u00ednculo que n\u00e3o conhece  limites terrenos nem limites temporais: a uni\u00e3o na ora\u00e7\u00e3o<\/em>\u201d.<\/p>\n<p><strong>Kyrie Eleison (cantado)<\/strong><br \/>\n<strong>Ora\u00e7\u00e3o Silenciosa de  Adora\u00e7\u00e3o<\/strong><br \/>\nQue possamos exprimir com  simplicidade o nosso amor pelo Senhor, pedindo-lhe que nos fa\u00e7a reviver a Gra\u00e7a  que ele concedeu a Pier Giorgio durante as suas adora\u00e7\u00f5es, das quais os  testemunhos afirmam: \u201c<em>Que rapaz s\u00e3o, firme, de cor de bronze, de  olhos l\u00edmpidos como \u00e1gua pura, ao Banquete da Vida ficava com beleza  impressionante\u201d [&#8230;] todas as lembran\u00e7as s\u00e3o incapazes de traduzir aquilo que  acontecia nele e aquilo que se manifestava em seu aspecto f\u00edsico. Parecia  transfigurado, participador intimo da divindade e de suas for\u00e7as infinitas, da  sua eternidade como de seu amor<\/em>\u201d.<\/p>\n<p align=\"left\" class=\"black\"><strong>QUARTO MOMENTO<\/strong><br \/>\n<strong><u>Queremos ver Jesus e contemplar seu rosto no Para\u00edso<\/u><\/strong><br \/>\n<strong>Dirigente:<\/strong>&nbsp;&nbsp;&nbsp;&nbsp;&nbsp;&nbsp; Jesus responde ao nosso pedido de v\u00ea-lo, de encontr\u00e1-lo, mas nos adverte: a  estrada que conduz a ele \u00e9 semelhante a um gr\u00e3o de trigo&#8230;<\/p>\n<p>Responde Pier Giorgio a uma amiga  enfermeira que, brincando, lhe pedia uma recompensa por ter lhe medicado o dedo ferido por ajudar uma  companheira quando subiam a montanha:<br \/>\n\u201c<em>Fa\u00e7amos assim: o primeiro  que chegar ao C\u00e9u ajudar\u00e1 o outro a chegar  l\u00e1 tamb\u00e9m<\/em>\u201d.<br \/>\n\u00c9 uma promessa que ressoa daquela  montanha para todo o mundo e que daquele instante em diante se alarga para toda  a eternidade. \u00c9 uma promessa que Pier Giorgio faz, sorrindo, a todos os seus  amigos e que n\u00f3s pedimos para que ele renove sempre, para n\u00f3s e para todos os  jovens que deixaram este mundo, mas n\u00e3o podem ainda abrir seus olhares para a  Beleza que n\u00e3o tem fim:<\/p>\n<p><strong>Ora\u00e7\u00e3o:<\/strong><br \/>\n<strong>Leitor:<\/strong> Se n\u00f3s n\u00e3o conhecemos a  estrada, Pier Giorgio, ajudai- nos  a ir Para o Alto.<br \/>\n<strong>Leitor: <\/strong>Se muitas vezes abandonamos o caminho&#8230;<br \/>\n<strong>Todos: <\/strong>Pier Giorgio, ajudai-  nos a ir Para o Alto.<\/p>\n<p><strong>Leitor:<\/strong> Se por superficialidade  n\u00e3o buscamos com a nossa vida aquilo que \u00e9 essencial tudo&#8230;<br \/>\n<strong>Todos<\/strong>: Pier  Giorgio, ajudai- nos a ir Para o  Alto.<br \/>\n<strong>Leitor:<\/strong> Se n\u00e3o levantamos nunca  o olhar porque n\u00e3o queremos acender em n\u00f3s o desejo de nos colocar no caminho  do C\u00e9u&#8230;<\/p>\n<p><strong>Todos<\/strong>: Pier  Giorgio, ajudai- nos a ir Para o Alto.<br \/>\n<strong>Leitor:<\/strong> Se nos faltam as for\u00e7as  necess\u00e1rias para superar as passagens mais dif\u00edceis&#8230;<br \/>\n<strong>Todos<\/strong>: Pier  Giorgio, ajudai- nos a ir Para o Alto.<br \/>\n<strong>Leitor:<\/strong> Se n\u00f3s temos for\u00e7as,  mas preferimos utiliz\u00e1-las para voltar atr\u00e1s,&#8230;<\/p>\n<p><strong>Todos<\/strong>: Pier  Giorgio, ajudai- nos a ir Para o Alto.<br \/>\n<strong>Leitor: <\/strong>Se n\u00e3o nos firmamos  nunca porque n\u00e3o nos nutrimos do P\u00e3o da vida eterna&#8230;<br \/>\n<strong>Todos<\/strong>: Pier  Giorgio, ajudai- nos a ir Para o Alto.<br \/>\n<strong>Leitor:<\/strong> Se n\u00e3o matamos a nossa sede  na fonte de ora\u00e7\u00e3o&#8230;<\/p>\n<p><strong>Todos<\/strong>: Pier  Giorgio, ajudai- nos a ir Para o Alto.<br \/>\n<strong>Leitor: <\/strong>Quando somos ego\u00edstas&#8230;<br \/>\n<strong>Todos<\/strong>: Pier  Giorgio, ajudai- nos a ir Para o Alto.<br \/>\n<strong>Leitor:<\/strong>Quando n\u00e3o sabemos ser  amigos uns dos outros&#8230;<\/p>\n<p><strong>Todos<\/strong>: Pier  Giorgio, ajudai- nos a Ir Para o Alto.<br \/>\n<strong>Leitor<\/strong>: Quando n\u00e3o somos  capazes de ser testemunhas da alegria&#8230;<br \/>\n<strong>Todos<\/strong>: Pier  Giorgio,&nbsp; ajudai- nos a ir Para o Alto.<br \/>\n<strong>Leitor:<\/strong>Quando n\u00e3o sabemos  contemplar a beleza dos dons que recebemos&#8230;<\/p>\n<p><strong>Todos<\/strong>: Pier  Giorgio,&nbsp; ajudai- nos a ir Para o Alto.<br \/>\n<strong>Leitor<\/strong>: Quando n\u00e3o sabemos  oferecer nossa vida pelos outros&#8230;<br \/>\n<strong>Todos<\/strong>: Pier  Giorgio,&nbsp; ajudai- nos a ir Para o Alto.<\/p>\n<p><strong>Leitor:<\/strong> Quando n\u00e3o sabemos  amar&#8230;<br \/>\n<strong>Todos<\/strong>: Pier  Giorgio,ajudai-nos a ir Para o Alto.<br \/>\n<strong>Leitor<\/strong>: Se temos cometido  muitos pecados&#8230;<br \/>\n<strong>Todos<\/strong>: Pier  Giorgio, ajudai-nos a ir Para o Alto.<\/p>\n<p><strong>Leitor: <\/strong>Se n\u00f3s perdemos a  esperan\u00e7a&#8230;<br \/>\n<strong>Todos<\/strong>: Pier  Giorgio, ajudai-nos a ir Para o Alto.<br \/>\n<strong>Leitor<\/strong>: Pelas almas que n\u00e3o  souberam utilizar seu tempo terreno para conquistar o c\u00e9u&#8230;<br \/>\n<strong>Todos<\/strong>: Pier Giorgio,  ajudai-os a ir Para o Alto!<\/p>\n<p><strong>Ora\u00e7\u00e3o Silenciosa de  Adora\u00e7\u00e3o<\/strong><br \/>\n(Que possamos exprimir ao Senhor a  nossa esperan\u00e7a de poder afirmar, como Pier Giorgio: \u201co dia de minha morte ser\u00e1  o mais belo de minha vida\u201d).<br \/>\n<strong>Dirigente<\/strong>: Quem encontrou Pier  Giorgio sabe que, no olhar, nos gestos e nas a\u00e7\u00f5es, ele trazia sempre consigo,  em cada coment\u00e1rio de vida, um pedacinho de C\u00e9u&#8230; Pier Giorgio tinha  nos olhos a express\u00e3o de quem via o Para\u00edso.<\/p>\n<p><strong>Leitor: Com estas palavras  Pier Giorgio<\/strong> <strong>quer consolar Carlo  Piccolo que vivia um momento de grande dificuldade: <\/strong><br \/>\n\u201c<em>O amor que n\u00f3s temos por  pessoas humanas aqui sobre a terra n\u00e3o \u00e9 nada mais que um simples reflexo do  amor que teremos uns pelos outros no c\u00e9u, quando estaremos todos revestidos do  amor de Deus na vis\u00e3o do pr\u00f3prio Deus. A morte n\u00e3o \u00e9 nada mais que uma passagem  extremamente simples da vida para a Vida e n\u00e3o nos deve espantar nunca, em  nenhum caso<\/em>.\u201d<\/p>\n<p><strong>Canto<\/strong><br \/>\n<strong>Leitor: O pintor da casa dos  Frassati conta<\/strong>:<br \/>\n\u201cUma semana antes da morte lhe disse:  \u201cRapaz, onde voc\u00ea vai no domingo?\u201d E ele me respondeu: \u201cVou fazer uma excurs\u00e3o  para as montanhas\u201d. Eu respondi: \u201cFeliz voc\u00ea, rapaz, que aproveita a montanha,  cheio de vida e sa\u00fade!&nbsp; O dinheiro nunca  falta, autom\u00f3vel \u00e0 disposi\u00e7\u00e3o, logo ser\u00e1 engenheiro. O que voc\u00ea ainda iria querer?\u201d  N\u00e3o havia terminado de falar estas palavras e ele me responde textualmente: \u201cO  senhor continua o mesmo doido de sempre&#8230; Mas, ao inv\u00e9s disso, se o senhor  soubesse quanto amaria ter logo oitenta anos!\u201d&nbsp;  E por qu\u00ea? Foi a minha pergunta. \u201cPorque se tivesse oitenta anos  morreria logo e iria logo Para o C\u00e9u!\u201d E eu o questionei: \u201cComo faria o seu  grupo de amigos sem Robespierre*?&nbsp; Ele,  ent\u00e3o, me disse: \u201cEu atenderei todos eles no C\u00e9u\u201d.<\/p>\n<p>* (Robespierre era o apelido pelo  qual Pier Giorgio era chamado pelos Tipi Loschi, o seu grupo de amigos \u00edntimos).<br \/>\n<strong>Canto<\/strong><br \/>\n<strong>Dirigente:<\/strong> E aquele pedacinho de  C\u00e9u que Pier Giorgio costumava dar a todos enquanto estava em vida, levou-o  consigo no dia de sua morte, mas s\u00f3 para poder viv\u00ea-lo na plenitude e poder  do\u00e1-lo ao mundo como nos d\u00e1 hoje nesse vig\u00edlia.<\/p>\n<p><strong>Leitor: Clementina Luotto,  dois dias depois da morte de Pier Giorgio, escreve ao amigo que tinham em comum, Marco  Beltramo:<\/strong><br \/>\n\u201cMarco, \u00e9 a primeira noite que  Pier Giorgio est\u00e1 fora de casa&#8230; Ao menos a sua pessoa santa, que ontem eu  tive a gra\u00e7a de contemplar em uma luz de beleza e de pureza indivis\u00edveis. N\u00e3o  tenho com quem chorar, e penso em voc\u00ea que em tudo estava mais perto dele do  que eu. Diante daquele leito \u2013 que me pareceu um altar \u2013 eu senti pela primeira  vez \u2013 com uma emo\u00e7\u00e3o que nunca poderei exprimir \u2013 que a morte vem do Alto e que  para Pier Giorgio foi uma assun\u00e7\u00e3o.<\/p>\n<p>Quem  poder\u00e1 apagar da nossa lembran\u00e7a o seu sorriso, e quem o poder\u00e1 restituir?<br \/>\nOh!  Juventude maravilhosa que nascia dele e entorno dele e nos desarmava rapidamente,  nos deixava t\u00e3o alegres, t\u00e3o dispostos a nos elevar, t\u00e3o livres de qualquer  apego mortal&#8230; T\u00e3o pr\u00f3ximo de Deus, que ele parecia ter dentro de si! Quem nos  dar\u00e1 outra vez esta alegria purificadora? Quem renovar\u00e1, n\u00e3o somente sobre  nossos olhos, mas em n\u00f3s, o milagre da santidade alegre, despreocupada e  delirante como as fontes alpinas, frescas e restauradoras?<\/p>\n<p>Mas  aquela tarde, Marco, a \u00faltima tarde que n\u00f3s ficamos juntos, ele j\u00e1 n\u00e3o estava  bem. Naquele inverno, na sua roupa de montanha nova, parecia fundido no bronze.  Pareceu-me que ele estava abatido, magro, cansado: eu pensei que eram os  exames. No ver\u00e3o, por\u00e9m, ele come\u00e7ava a se destacar de n\u00f3s: \u201c\u00c9 p\u00e1lido  Frassati\u201d. [E ele respondia] \u201cEu preciso de montanha!\u201d Sim, ele precisava sair,  para o Alto! E n\u00e3o conosco!<\/p>\n<p>Resplandece  a Lua que n\u00f3s esper\u00e1vamos ter por companhia durante nossa ascens\u00e3o; e ele n\u00e3o  est\u00e1 mais conosco.<br \/>\nE  ele d\u00e1 for\u00e7a aos seus pobres parentes para viver: dar\u00e1 a n\u00f3s o amor ativo que  devem possuir aqueles a quem concedeu o presente incompar\u00e1vel da sua amizade.<\/p>\n<p>Iremos  encontr\u00e1-lo juntos?<br \/>\nEu  recordo e choro sozinha, [&#8230;] e n\u00e3o posso falar a ningu\u00e9m da minha dor, porque  me parece que iria profan\u00e1-lo. Somente Laura, Tina, voc\u00ea e Severi sabem o que  \u00e9ramos n\u00f3s seis e qual era o g\u00eanero da nossa comunh\u00e3o de esp\u00edrito e de alegria  que ele havia criado. Mas ele nos puxava e n\u00f3s o segu\u00edamos: ser\u00e1 que n\u00f3s  saberemos caminhar, agora que estamos sozinhos \u00e0 prova? Tentaremos, n\u00e3o \u00e9  verdade? E nos ajudaremos. Por que, antes, Pier Giorgio me ajudar\u00e1!<\/p>\n<p>Perdoe-me  querido Marco, e veja se tenho raz\u00e3o por cham\u00e1-lo de irm\u00e3o. Este fulgor, que  envolveu nossas almas t\u00e3o profundamente, nos d\u00e1 consci\u00eancia clara dos nossos  sentimentos e dos nossos deveres. Agarrem-nos \u00e0 cruz e queiramos bem \u00e0 sua  mem\u00f3ria, como se mais do que nunca ele estivesse junto a n\u00f3s. Talvez veremos  resplandecer o seu sorriso. \u00d3 bondade, tu \u00e9s luminosa e mais quente que o Sol,  tu \u00e9s eterna!\u201d<\/p>\n<p class=\"black\"><strong>Leitor: Pier Giorgio nos diz:<\/strong><\/p>\n<p class=\"black\">\u201c<em>Quando eu estudo, de vez em quando me pergunto: ser\u00e1 que eu continuarei  a procurar seguir o caminho bom? Terei for\u00e7a de preservar at\u00e9 o fim? Neste  tremendo turbilh\u00e3o de duvidas a F\u00e9 que eu recebi no Batismo me sugere com voz  segura: por voc\u00ea mesmo n\u00e3o far\u00e1 nada, mas se Deus estiver no centro de todas as  suas a\u00e7\u00f5es, ent\u00e3o sim, ter\u00e1 chegado at\u00e9 o fim; isso \u00e9 justamente aquilo que  quero fazer e assumir com a m\u00e1xima seriedade a frase de Santo Agostinho: Senhor  o nosso cora\u00e7\u00e3o n\u00e3o est\u00e1 tranq\u00fcilo at\u00e9 que repouse em Ti<\/em>\u201d (A Isidoro  Bonini, janeiro de 1925).<\/p>\n<p>&nbsp;<\/p>\n<p class=\"black\"><strong>Dirigente<\/strong>: Unidos a Pier Giorgio pelo la\u00e7o da amizade  que rompe barreiras, que nos une aos diversos e milhares de amigos de todos os  continentes imploremos ao Pai Celeste que a ora\u00e7\u00e3o ensinada por Jesus possa se  tornar realidade. Que possamos ser um s\u00f3 corpo e uma s\u00f3 alma. Rezemos:<\/p>\n<p class=\"black\"><strong>Todos: <\/strong>Pai Nosso<\/p>\n<p class=\"black\"><strong>Dirigente:<\/strong> Como Pier Giorgio ofere\u00e7amos a Nossa  Senhora as flores do nosso cora\u00e7\u00e3o, dos nossos sonhos, dos nossos ideais, do  nosso futuro&#8230;, implorando desta nossa M\u00e3e t\u00e3o amada a gra\u00e7a de como  peregrinos caminharmos ao encontro do Amor.<\/p>\n<p class=\"black\"><strong>Todos: <\/strong>Ave Maria<\/p>\n<p class=\"black\"><strong>Pier Giorgio, Roga por n\u00f3s!<\/strong><\/p>\n<p align=\"center\" class=\"black\"><strong>BEN\u00c7\u00c3O  EUCAR\u00cdSTICA<\/strong><\/p>\n<p align=\"left\" class=\"black\"><strong>Canto Final<\/strong><\/p>\n","protected":false},"excerpt":{"rendered":"<p>Canto inicial (\u00e0 escolha). Dirigente: Em nome do Pai e do Filho e do Esp\u00edrito Santo. Todos: Am\u00e9m. Dirigente: Pier Giorgio desejava tanto ver Jesus que dizia: \u201cO dia de minha morte ser\u00e1 o dia mais belo da minha vida\u201d, mas, no entanto, sentia uma necessidade urgente de estar sempre pr\u00f3ximo ao Sant\u00edssimo Sacramento. Pier &hellip; <\/p>\n<p class=\"link-more\"><a href=\"https:\/\/www.piergiorgio.com.br\/?p=174\" class=\"more-link\">Continue lendo<span class=\"screen-reader-text\"> &#8220;Adora\u00e7\u00e3o Eucar\u00edstica&#8221;<\/span><\/a><\/p>\n","protected":false},"author":1,"featured_media":178,"comment_status":"closed","ping_status":"closed","sticky":false,"template":"","format":"standard","meta":{"footnotes":""},"categories":[4],"tags":[],"class_list":["post-174","post","type-post","status-publish","format-standard","has-post-thumbnail","hentry","category-liturgia-das-horas-em-honra-de-pier-giorgio-frassati-oficio-de-laudes"],"_links":{"self":[{"href":"https:\/\/www.piergiorgio.com.br\/index.php?rest_route=\/wp\/v2\/posts\/174","targetHints":{"allow":["GET"]}}],"collection":[{"href":"https:\/\/www.piergiorgio.com.br\/index.php?rest_route=\/wp\/v2\/posts"}],"about":[{"href":"https:\/\/www.piergiorgio.com.br\/index.php?rest_route=\/wp\/v2\/types\/post"}],"author":[{"embeddable":true,"href":"https:\/\/www.piergiorgio.com.br\/index.php?rest_route=\/wp\/v2\/users\/1"}],"replies":[{"embeddable":true,"href":"https:\/\/www.piergiorgio.com.br\/index.php?rest_route=%2Fwp%2Fv2%2Fcomments&post=174"}],"version-history":[{"count":3,"href":"https:\/\/www.piergiorgio.com.br\/index.php?rest_route=\/wp\/v2\/posts\/174\/revisions"}],"predecessor-version":[{"id":1039,"href":"https:\/\/www.piergiorgio.com.br\/index.php?rest_route=\/wp\/v2\/posts\/174\/revisions\/1039"}],"wp:featuredmedia":[{"embeddable":true,"href":"https:\/\/www.piergiorgio.com.br\/index.php?rest_route=\/wp\/v2\/media\/178"}],"wp:attachment":[{"href":"https:\/\/www.piergiorgio.com.br\/index.php?rest_route=%2Fwp%2Fv2%2Fmedia&parent=174"}],"wp:term":[{"taxonomy":"category","embeddable":true,"href":"https:\/\/www.piergiorgio.com.br\/index.php?rest_route=%2Fwp%2Fv2%2Fcategories&post=174"},{"taxonomy":"post_tag","embeddable":true,"href":"https:\/\/www.piergiorgio.com.br\/index.php?rest_route=%2Fwp%2Fv2%2Ftags&post=174"}],"curies":[{"name":"wp","href":"https:\/\/api.w.org\/{rel}","templated":true}]}}