{"id":184,"date":"2010-10-12T15:36:47","date_gmt":"2010-10-12T18:36:47","guid":{"rendered":"http:\/\/victormellao.com.br\/piergiorgio\/?p=184"},"modified":"2010-10-15T15:38:07","modified_gmt":"2010-10-15T18:38:07","slug":"uma-novena-no-ano-de-sao-paulo","status":"publish","type":"post","link":"https:\/\/www.piergiorgio.com.br\/?p=184","title":{"rendered":"Uma Novena no Ano de S\u00e3o Paulo"},"content":{"rendered":"<p class=\"paragraphHeading\"><strong>Uma Novena no Ano de S\u00e3o Paulo<\/strong><\/p>\n<p><strong>Relembrando  o Beato Pier Giorgio Frassati <\/strong><\/p>\n<p><strong>No seu 108\u00ba anivers\u00e1rio<\/strong><\/p>\n<p><strong>Come\u00e7a na sexta-feira do dia 28 de Mar\u00e7o e termina no  dia 4 de abril de 2009<\/strong><\/p>\n<p class=\"paragraphHeading\"><strong>Preparado pelo padre Thomas Rosica, C.S.B. <\/strong><\/p>\n<p><strong>Salt and Light Catholic Television Network in Canada<\/strong><\/p>\n<p class=\"black\"><em>Caro   amigo,<\/em><\/p>\n<p class=\"black\"><em>H\u00e1   uma falta de paz no mundo, que o tem distanciado de Deus, mas tamb\u00e9m   h\u00e1 a falta de Caridade, que, isto   \u00e9 verdade, \u00e9 o perfeito Amor. Talvez se todos n\u00f3s escut\u00e1ssemos mais   S\u00e3o Paulo as mis\u00e9rias humanas poderiam ser diminu\u00eddas.<\/em><\/p>\n<p class=\"black\"><em>Pier   Giorgio<\/em><\/p>\n<p class=\"black\">Trecho   da carta escrita ao amigo, Marco Beltramo<\/p>\n<p class=\"black\">15   de janeiro de 1925<\/p>\n<p class=\"black\"><strong><em>Introdu\u00e7\u00e3o<\/em><\/strong><\/p>\n<p class=\"black\"><strong><em>Beato   Pier Giorgio Frassati: um seguidor do cora\u00e7\u00e3o de S\u00e3o Paulo. <\/em><\/strong><\/p>\n<p class=\"black\">O   que havia de t\u00e3o \u00fanico e especial no Beato Pier Giorgio Frassati?   Ele nasceu em 1901, no come\u00e7o do s\u00e9culo passado em Turim, na It\u00e1lia.   O dia 4 de julho de 2008 marcou o 83 anivers\u00e1rio da entrada de Pier   Giorgio Frassati na vida eterna. O dia 6 de abril de 2009 seria o seu   108 anivers\u00e1rio! Atl\u00e9tico, cheio de vida, sempre rodeado de amigos,   a quem inspirava com sua vida, Pier Giorgio n\u00e3o escolheu o sacerd\u00f3cio,   preferindo dar testemunho do Evangelho como leigo. Ele nunca fundou   uma ordem religiosa ou iniciou um novo movimento eclesial. Nunca liderou   ex\u00e9rcitos e nunca foi eleito para algum cargo p\u00fablico.<\/p>\n<p class=\"black\">A   morte veio mesmo antes que ele pudesse terminar a faculdade (a gradua\u00e7\u00e3o   veio-lhe postumamente, em 2001). Ele nunca teve chance de come\u00e7ar uma   carreira; de fato, ele nem mesmo havia trabalhado para ter certeza de   qual poderia ser a sua voca\u00e7\u00e3o para a vida. Ele foi simplesmente um   jovem homem que era apaixonado pela sua fam\u00edlia e pelos seus amigos,   apaixonado pelas montanhas e pelo mar, mas, especialmente, apaixonado   por Deus.<\/p>\n<p class=\"black\">Durante   a Jornada Mundial da Juventude, Pier Giorgio se tornou um especial patrono   para os milh\u00f5es de jovens ao redor do mundo. No \u00faltimo ver\u00e3o, na   catedral de Sidney, os jovens do mundo inteiro aproximaram-se, em ora\u00e7\u00e3o,   do caix\u00e3o mortu\u00e1rio que continha o corpo  do Beato Pier Giorgio. Vamos   considerar 3 expoentes da vida desse jovem Beato, cuja vida combinou,   de um jeito not\u00e1vel, ativismo pol\u00edtico, solidariedade, trabalho por   justi\u00e7a social, piedade e devo\u00e7\u00e3o, humanidade e bondade, santidade   e ordinariedade, f\u00e9 e vida.<\/p>\n<p class=\"black\"><strong>1)\u00a0   A vida de devo\u00e7\u00e3o de Pier Giorgio e o amor pela Eucaristia.<\/strong><\/p>\n<p class=\"black\">Pier   Giorgio Frassati desenvolveu uma profunda vida espiritual; vida essa   que ele nunca hesitou em partilhar com seus amigos. Seus amigos recordavam-se   dele dizendo: \u201cViver sem uma f\u00e9, sem um patrim\u00f4nio para defender,   sem sustentar uma luta cont\u00ednua pela verdade, n\u00e3o \u00e9 viver, mas fingir   que se vive\u201d.<\/p>\n<p class=\"black\">A   Eucaristia e Nossa Senhora foram os dois polos da sua vida de ora\u00e7\u00e3o.   Ele sentiu uma forte e misteriosa necessidade de se aproximar do Sant\u00edssimo   Sacramento. Ele seguiu o Senhor Sacramentado nas prociss\u00f5es, integrou   entusiasmadamente Congressos Eucar\u00edsticos, mas, acima de tudo, ele   amava passar longas horas em adora\u00e7\u00e3o noturna. Sua alegria era ainda   maior quando ele conseguia trazer para diante do Sant\u00edssimo Sacramento   seus amigos, os jovens que conhecia, os pobres, a quem dispensava tantos   cuidados.<\/p>\n<p class=\"black\">Sua   vida espiritual, como a nossa, era baseada nos sacramentos. Ele, por\u00e9m,   ia muito al\u00e9m de simples \u201cbater cart\u00e3o\u201d com os preceitos religiosos:   na Missa Dominical, nas confiss\u00f5es obrigat\u00f3rias antes do Natal e\/ou   da P\u00e1scoa e, talvez,  as pequenas penit\u00eancias de quaresma, como renunciar   a doces, por exemplo. Sua vida de ora\u00e7\u00e3o era a Comunh\u00e3o di\u00e1ria,   assim como seria para qualquer um que deseja ser santo. Ele foi um atleta   e sabia muito bem o que precisava fazer para alcan\u00e7ar um objetivo &#8211;   sabia que precisava disciplinar-se\u00a0 a si  mesmo por meio da vida   quotidiana para tornar-se um campe\u00e3o.<\/p>\n<p><span class=\"black\">\u201c\u2026Eu vos recomendo, com toda a for\u00e7a da minha alma, para que se   aproximem da Mesa Eucar\u00edstica sempre que puderem. Alimentem-se desse   P\u00e3o dos Anjos, de onde tirar\u00e3o a for\u00e7a para lutar as batalhas internas,   para combater as paix\u00f5es e adversidades, porque Jesus Cristo prometeu   \u00e0queles que se alimentam com a Sagrada Eucaristia a Vida Eterna e as   gra\u00e7as necess\u00e1rias para obt\u00ea-la. <\/span><\/p>\n<p class=\"black\">E   quando tiverem se consumido totalmente por esse Fogo Eucar\u00edstico, ent\u00e3o   ser\u00e3o capazes de agradecer com maior consci\u00eancia ao Senhor Deus, que   vos tem chamado para ser parte de seu povo. Assim sentir\u00e3o a paz que   aqueles que s\u00e3o felizes segundo o mundo nunca experimentaram.<\/p>\n<p class=\"black\">Porque   a verdadeira felicidade, meus amigos jovens, n\u00e3o consiste nos prazeres   do mundo e na antecipa\u00e7\u00e3o das coisas, mas na paz de consci\u00eancia,   que s\u00f3 se tem quando se \u00e9 puro no cora\u00e7\u00e3o e na mente.\u201d<\/p>\n<p class=\"black\">Discurso   de Pier  Giorgio na ocasi\u00e3o da ben\u00e7\u00e3o da bandeira, da qual era padrinho,da   Juventude Cat\u00f3lica de Pollone 29 de julho de 1923<\/p>\n<p class=\"black\">Essas   palavras demonstram a extraordin\u00e1ria maturidade espiritual e o amor   pela Eucaristia, especialmente considerando o fato de que tais jovens   \u2013 a quem Frassati dirigiu o discurso acima \u2013 estavam procurando   por ele quando tinha apenas 22 anos de idade.<\/p>\n<p class=\"black\"><strong>(2)   O respeito de Pier Giorgio pela vida e o senso de justi\u00e7a:<\/strong><\/p>\n<p class=\"black\">Na   sua pr\u00f3pria vida e na sua \u00e9poca, Pier Giorgio lidou com algumas das   nossas quest\u00f5es contempor\u00e2neas. Seu amor por Deus e seu tremendo senso   de solidariedade humana o mantinha entrela\u00e7ado aos pobres, aos necessitados,   aos doentes, aos famintos, aos sem-teto. Frassati tinha um grande respeito   pela vida humana: durante toda sua vida, do come\u00e7o ao fim. Ele sempre   lutou pela vida onde quer que ela esteja sendo desrespeitada e amea\u00e7ada.<\/p>\n<p class=\"black\">Com   17 anos, em 1918, ele passou a fazer parte da Sociedade S\u00e3o Vicente   de Paula e dedicou muito de seu tempo extra para servir aos doentes   e necessitados, cuidando dos \u00f3rf\u00e3os, assistindo aos desempregados   inv\u00e1lidos que voltavam da I Grande Guerra. Com o pouco que tinha, Pier   Giorgio ajudava os pobres, usando, inclusive, o seu dinheiro do bonde   para caridade, precisando muitas vezes correr para n\u00e3o se atrasar para   hora da refei\u00e7\u00e3o.\u00a0 Os pobres e sofredores foram seus mestres   e ele foi literalmente seu servo, o que considerava um privil\u00e9gio.   Freq\u00fcentemente ele sacrificava as f\u00e9rias na casa de ver\u00e3o dos Frassati,   em Pollone, porque, como dizia, \u201cSe todos deixam Turim, quem vai cuidar   dos pobres?\u201d<\/p>\n<p class=\"black\">Pier   Giorgio amava os pobres. N\u00e3o era somente uma quest\u00e3o de dar algo para   os solit\u00e1rios, pobres, doentes, mas, ao contr\u00e1rio, dar ele mesmo ao   pr\u00f3ximo. Ele via Jesus neles e, a um amigo que lhe perguntou se ele   podia suportar entrar em lugares sujos e f\u00e9tidos onde os pobres viviam,   ele respondeu: \u201cLembre-se sempre que \u00e9 a Jesus que voc\u00ea vai: eu   vejo uma luz especial nos doentes, pobres, desafortunados, que n\u00f3s   n\u00e3o temos.<\/p>\n<p class=\"black\">Num   discurso aos membros da \u201cJuventude Cat\u00f3lica\u201d de Pollone, Pedro   Jorge exortou seus colegas com estas palavras:<span class=\"black\"><\/p>\n<p><\/span><\/p>\n<p class=\"black\">\u201cO Apostolo S\u00e3o Paulo diz, \u201cA   Caridade de Cristo precisa de n\u00f3s\u201d, e sem esse fogo, que vagarosamente   destr\u00f3i nossa personalidade, de maneira que nosso cora\u00e7\u00e3o passa a   bater apenas para o sofrimento do pr\u00f3ximo, n\u00e3o poderiam ser Crist\u00e3o,   muito menos Cat\u00f3lico. Por fim, h\u00e1 o apostolado da persuas\u00e3o. Esse   \u00e9 um dos mais bonitos e necess\u00e1rios. Meus amigos aproximem-se dos   seus colegas no trabalho que vive distante da Igreja e usam seu tempo   livre em v\u00edcios, na em passa-tempos saud\u00e1veis. Conven\u00e7am-nos esses   desafortunados a seguirem os caminhos de Deus, cheio de espinhos, mas   tamb\u00e9m com muitas rosas. Se n\u00e3o considerarmos esses dons como os mais   elevados e se n\u00e3o tivermos o esp\u00edrito de sacrif\u00edcio, n\u00e3o seremos   bons Cat\u00f3licos. Temos que sacrificar tudo por tudo, realmente a nossa   vida inteira vida pela f\u00e9.\u201d<\/p>\n<p class=\"black\">Escondido   por tr\u00e1s da figura exterior de um jovem sorridente e descontra\u00eddo   havia a maravilhosa vida m\u00edstica. O amor por Jesus motivava suas a\u00e7\u00f5es.<\/p>\n<p class=\"black\"><strong>3)\u00a0   O sofrimento e a morte de Pier Giorgio.<\/strong><\/p>\n<p class=\"black\">Um   pouco antes de receber seu diploma universit\u00e1rio de engenheiro miner\u00e1rio,   Pier Giorgio contraiu poliomielite, doen\u00e7a que os m\u00e9dicos demoraram   a diagnosticar. Sua doen\u00e7a n\u00e3o foi compreendida. Seus pais, que estavam   totalmente envolvidos com a agonia, morte e enterro de sua av\u00f3, nem   mesmo suspeitaram que Pier Giorgio estivesse paralisado. Dois dias antes   do fim da agonia de Pier Giorgio, sua m\u00e3e ainda o criticou por n\u00e3o   receber sua ajuda nos momentos que precisava dele.<\/p>\n<p class=\"black\">Nem   mesmo naqueles desesperados dias finais Pier Giorgio esqueceu seus amigos   mais pr\u00f3ximos, os pobres. Enquanto estava no seu leito de morte ele   quis o seu material de assist\u00eancia usual lhe fosse trazido. Era sexta-feira,   o dia que visitava os pobres. Em 3 de julho de 1925, um dia antes de   sua morte, com suas m\u00e3os j\u00e1 paralisadas pela doen\u00e7a, Pier Giorgio   pediu \u00e0 irm\u00e3 Luciana para pegar o pequeno pacote na sua jaqueta e,   com as m\u00e3os tr\u00eamulas, ele escreveu o seguinte bilhete a Grimaldi:   \u201cAqui est\u00e3o as inje\u00e7\u00f5es para Converso. A ap\u00f3lice \u00e9 de Zapa. Eu   havia me esquecido: renove-a na minha conta\u201d.<\/p>\n<p class=\"black\">N\u00f3s   sabemos que Pier Giorgio desejava tanto ver Jesus que costumava dizer:   \u201cO dia da minha morte ser\u00e1 o mais belo da minha vida\u201d. O sacrif\u00edcio   de Pier Giorgio foi consumado \u00e0s 19 horas de 4 de julho de 1925.\u00a0   Seu funeral foi um triunfo. As ruas de Turim foram preenchidas com filas   e filas de uma multid\u00e3o de desconhecidos para sua fam\u00edlia: sacerdotes   e estudantes, e os pobres e necessitados a quem ele havia servido sem   ego\u00edsmo por 7 anos.<\/p>\n<p class=\"black\">Deus   deu a Pier Giorgio todos os atributos externos que poderiam conduzi-lo   a decis\u00f5es ruins: uma fam\u00edlia rica, uma apar\u00eancia bela, maturidade,   sa\u00fade, o \u00fanico herdeiro de uma fam\u00edlia poderosa. Pier Giorgio, por\u00e9m,   ouviu ao convite de Cristo: Vinde e segui-me\u201d. Ele antecipou, por   ao menos 50 anos, o entendimento da Igreja e a nova dire\u00e7\u00e3o na vida   laical.<\/p>\n<p class=\"black\">Na   beatifica\u00e7\u00e3o de Frassati, na Pra\u00e7a de S\u00e3o Pedro no dia 20 de maio   de 1990, o papa Jo\u00e3o Paulo II descreveu Pier Giorgio como o \u201cHomem   das oito Bem-aventuran\u00e7as\u201d e disse em sua homilia:<span class=\"black\"><\/p>\n<p><\/span><\/p>\n<p class=\"black\">\u201cPelo   seu exemplo, Pier Giorgio proclamou que a vida vivida no Esp\u00edrito de   Cristo, o Esp\u00edrito das Bem-Aventuran\u00e7as, \u00e9 aben\u00e7oada e que apenas   a pessoa que se torna bem-aventurada pode conseguir transmitir o amor   e paz aos demais. Ele repete que \u00e9 realmente v\u00e1lido renunciar a tudo   para servir a Deus. Ele testemunha que a santidade \u00e9 poss\u00edvel a todos   e que apenas a revolu\u00e7\u00e3o da caridade pode incendiar a esperan\u00e7a de   um futuro melhor no cora\u00e7\u00e3o das pessoas&#8230; Ele deixou este mundo muito   jovem, mas ele marcou profundamente nosso s\u00e9culo inteiro, e n\u00e3o apenas   nosso pr\u00f3prio s\u00e9culo\u201d.<\/p>\n<p class=\"black\"><strong><em>Ora\u00e7\u00e3o   de abertura (para todos os nove dias):<\/em><\/strong><\/p>\n<p class=\"black\">Senhor, nosso   Deus, v\u00f3s escolhestes o Ap\u00f3stolo Paulo para nos trazer a Boa Nova   da salva\u00e7\u00e3o.<\/p>\n<p class=\"black\">Preencha toda   a terra com a F\u00e9 que ele levou a tantos povos e na\u00e7\u00f5es; possa a sua   Igreja continuar a crescer.<\/p>\n<p class=\"black\">V\u00f3s tamb\u00e9m   chamastes um jovem alpinista de Turim, Pier Giorgio Frassati, para viver   as Bem-aventuran\u00e7as e para viver alegremente o Evangelho da Gra\u00e7a   e da Caridade no seu dia-a-dia.<\/p>\n<p class=\"black\">Pela intercess\u00e3o   de S\u00e3o Paulo e pelo exemplo de Pier Giorgio Frassati, ajude-nos a iluminar   o mundo com o fogo da f\u00e9, da esperan\u00e7a e da caridade. N\u00f3s vos pedimos   pelo Nosso Senhor Jesus Cristo, que convosco vive e Reina com o Esp\u00edrito   Santo. Am\u00e9m.<\/p>\n<p class=\"black\"><strong><em>Ao final   de cada dia,<\/em><\/strong><em> leia este texto da Carta de S\u00e3o Paulo aos Romanos10: 9-18 e medite sobre a vida do Beato Pier Giorgio   Frassati.<\/em><\/p>\n<p class=\"black\"><strong><em>Questione   a si mesmo: \u201cComo eu ou\u00e7o a Palavra de Deus?<\/em><\/strong><\/p>\n<p class=\"black\"><strong><em>Como a   testemunho para o mundo com minha vida?   A quem o Senhor me envia?<\/em><\/strong><\/p>\n<p class=\"black\"><strong><em>Como eles   podem ouvir sem ningu\u00e9m para pregar?<\/em><\/strong><\/p>\n<p class=\"black\"><strong><em>Como os   pregadores podem pregar a n\u00e3o ser que sejam enviados?<\/em><\/strong><\/p>\n<p class=\"black\"><em>Leitura da Carta de S\u00e3o   Paulo aos Romanos 10:9-18<\/em><\/p>\n<p class=\"black\">\u201cSe,   com tua boca, confessas que Jesus \u00e9 o Senhor e se, em teu cora\u00e7\u00e3o,   cr\u00eas que Deus o ressuscitou dos mortos, ser\u00e1s salvo. Com efeito, crer   no pr\u00f3prio cora\u00e7\u00e3o conduz \u00e0 justi\u00e7a, e confessor com a pr\u00f3pria   boca conduz \u00e0 salva\u00e7\u00e3o. Pois a Escritura diz: <em>Todo   aquele que nele cr\u00ea n\u00e3o ser\u00e1 confundido<\/em>. Assim, n\u00e3o h\u00e1 diferen\u00e7a   entre judeu e grego: todos tem o mesmo Senhor, rico para com todos os   que o invocam. Com efeito, todo aquele que invocar o nome do Senhor   ser\u00e1 salvo.<\/p>\n<p class=\"black\">Ora,   como o invocariam sem terem crido nele? E como creriam nele, sem o terem   ouvido? E como o ouviriam, se ningu\u00e9m o proclama? E como proclam\u00e1-lo,   sem ser enviado? Por isso est\u00e1 escrito: <em>Como s\u00e3o belos os p\u00e9s   daqueles que anunciam boas novas!<\/em> Mas nem todos obedeceram ao Evangelho.   Isa\u00edas diz, com efeito: <em>Senhor, quem acreditou em nossa prega\u00e7\u00e3o?<\/em> Assim a f\u00e9 vem da prega\u00e7\u00e3o, e a prega\u00e7\u00e3o \u00e9 o an\u00fancio da palavra   de Cristo. Eu pergunto ent\u00e3o: N\u00e3o teriam eles ouvido? Como n\u00e3o? <em> \u201cPor toda terra ressoou a sua voz, e a suas palavras, at\u00e9   as extremidades do mundo\u201d.<\/em><\/p>\n<p class=\"black\"><strong><em>Leitura   das Escrituras para cada dia, seguidas de uma a\u00e7\u00e3o concreta.<\/em><\/strong><\/p>\n<p class=\"black\">Dia 1: Para   os descrentes: ITm 2:1-6<\/p>\n<p class=\"black\"><em>A\u00e7\u00e3o: Reze   tr\u00eas dezenas do ros\u00e1rio para os que n\u00e3o acreditam em Deus.<\/em><\/p>\n<p class=\"black\">Dia 2: Por nossos   irm\u00e3os e irm\u00e3s Judeus: Rm 1:16-17<\/p>\n<p class=\"black\"><em>A\u00e7\u00e3o: Memorize   seu Salmo favortio.<\/em><\/p>\n<p class=\"black\">Dia 3: Pela   Unidade dos Crist\u00e3o: Fl 2:1-4<\/p>\n<p class=\"black\"><em>A\u00e7\u00e3o: Leia   cuidadosamente o Cap\u00edtulo 13 da I Carta de S\u00e3o Paulo aos   Cor\u00edntios.<\/em><\/p>\n<p class=\"black\">Dia 4: \u00c0queles   que abandonaram a pr\u00e1tica da F\u00e9: Hb 10:19-25<\/p>\n<p class=\"black\"><em>A\u00e7\u00e3o: Escreva   uma carta para um parente ou amigo que abandonou a f\u00e9.<\/em><\/p>\n<p class=\"black\">Dia 5: Pela   liberta\u00e7\u00e3o dos dependentes qu\u00edmicos: Gl 5:13-26<\/p>\n<p class=\"black\"><em>A\u00e7\u00e3o: Procure   se comunicar com algu\u00e9m que esteja tentando libertar-se do v\u00edcio.<\/em><\/p>\n<p class=\"black\">Dia 6: Pelos   nossos entes queridos falecidos que partiram na F\u00e9: ITs 4:13-18<\/p>\n<p class=\"black\"><em>A\u00e7\u00e3o: Leia   uma das mensagens de Jo\u00e3o Paulo II nas Jornadas Mundiais da Juventude.<\/em><\/p>\n<p class=\"black\">Dia 7: Pelo   Esp\u00edrito de Humanitarismo: 1Tm 6:11-19<\/p>\n<p class=\"black\"><em>A\u00e7\u00e3o:Um   ato de gentileza para com o seu pr\u00f3ximo.:<\/em><\/p>\n<p class=\"black\">Dia 8: Pela   perseveran\u00e7a nos tempos de tribula\u00e7\u00e3o: Rm: 8:28-39<\/p>\n<p class=\"black\"><em>A\u00e7\u00e3o: Aproximar-se   de algu\u00e9m que esteja enfrentando dificuldades ou em estado de ansiedade.<\/em><\/p>\n<p class=\"black\">Dia 9: Para   um maior Amor pela Eucaristia: 1Cor 11:23-29<\/p>\n<p class=\"black\"><em>A\u00e7\u00e3o: receber   a Santa Comunh\u00e3o pedindo a Pier Giorgio a convers\u00e3o da sua alma.<\/em><\/p>\n<p class=\"black\"><strong><em>Fa\u00e7a   as seguintes intercess\u00f5es:<\/em><\/strong><\/p>\n<p class=\"black\">Beato   Pier Giorgio, ajude-nos a fazer o nosso melhor para os cora\u00e7\u00f5es simples,   atenciosos \u00e0s necessidades dos outros, e a fundamentar nossas amizades   num pacto que n\u00e3o conhece fronteiras f\u00edsicas nem limites temporais:   a uni\u00e3o na ora\u00e7\u00e3o. Se n\u00e3o soubermos o caminho ou mesmo se n\u00f3s abandonamos   freq\u00fcentemente nossas metas, mostre-nos o caminho \u201cVerso L\u2019Alto\u201d,   a dire\u00e7\u00e3o do C\u00e9u!<\/p>\n<p class=\"black\">Se,   por sermos superficiais, n\u00e3o colocamos nas nossas mochilas tudo o que   necessitamos para a escalada da vida; se n\u00f3s nunca levantamos nossos   olhares para a meta, porque n\u00e3o queremos levar a s\u00e9rios os passos   necess\u00e1rios para tomar a decis\u00e3o certa, <strong>mostre-nos o caminho   \u201cVerso L\u2019Alto\u201d, a dire\u00e7\u00e3o do C\u00e9u!<\/strong><\/p>\n<p class=\"black\">Se   nos falta for\u00e7a para ultrapassar as piores dificuldades, e, mesmo quando   temos for\u00e7a, mas preferimos us\u00e1-la para mudar de dire\u00e7\u00e3o, <strong>mostre-nos   o caminho \u201cVerso L\u2019Alto\u201d, a dire\u00e7\u00e3o do C\u00e9u!<\/strong><\/p>\n<p class=\"black\">Se   nunca paramos para alimentarmo-nos do P\u00e3o da Vida Eterna, e se quando   n\u00e3o satisfazemos nossa sede nas fontes da ora\u00e7\u00e3o, <strong>mostre-nos o   caminho \u201cVerso L\u2019Alto\u201d, a dire\u00e7\u00e3o do C\u00e9u!<\/strong><\/p>\n<p class=\"black\">Quando   n\u00e3o sabemos como contemplar os dons que recebemos e quando n\u00f3s n\u00e3o   sabemos como oferecer n\u00f3s mesmos aos outros, <strong>mostre-nos o caminho   \u201cVerso L\u2019Alto\u201d, a dire\u00e7\u00e3o do C\u00e9u!<\/strong><\/p>\n<p class=\"black\">Se   n\u00f3s temos cometido muitos pecados, <strong>mostre-nos o caminho   \u201cVerso L\u2019Alto\u201d, a dire\u00e7\u00e3o do C\u00e9u!<\/strong><\/p>\n<p class=\"black\">Se   n\u00f3s perdemos a esperan\u00e7a, <strong>mostre-nos o caminho   \u201cVerso L\u2019Alto\u201d, a dire\u00e7\u00e3o do C\u00e9u!<\/strong><\/p>\n<p class=\"black\">Obrigado,   Beato Pier Giorgio, por ter escutado as palavras de Jesus e feito delas   as suas pr\u00f3prias palavras. Esteja conosco nessa grande expedi\u00e7\u00e3o   ao c\u00e9u. Rogai por n\u00f3s, Pier Giorgio Frassati. <strong>Mostre-nos o caminho   \u201cVerso L\u2019Alto\u201d, a dire\u00e7\u00e3o do C\u00e9u! <\/strong> Ensine-nos como ser santos para a Igreja e para o mundo!<\/p>\n<p class=\"black\"><strong><em>Concluir   com a ora\u00e7\u00e3o do Pai Nosso e as palavras de S\u00e3o Paulo:<\/em><\/strong><\/p>\n<p class=\"black\"><strong><em>Ef\u00e9sios   capitulo 3 versiculos 14-21<\/em><\/strong><\/p>\n<p class=\"black\">SUPLICA PARA COMPREENDER O AMOR DE JESUS CRISTO<\/p>\n<p class=\"black\">Por esta causa dobro os joelhos em   presen\u00e7a do PAI,ao qual deve a sua exist\u00eancia toda familia no c\u00e9u   e na terra,para que vos conceda,segundo seu glorioso   tesouro,que sejais poderosamente robustecidos   pelo seu Esp\u00edrito em vista do crescimento do   vosso homem interior.Que CRISTO habite pela F\u00e9 em vossos<\/p>\n<p class=\"black\">cora\u00e7\u00f5es,arraigados e consolidados   na caridade,a fim de que possais,com todos os crist\u00e3os,compreender   qual seja a largura,o comprimento,a altura e a profundidade,isto \u00e9,conhecer   a caridade de CRISTO,que desafia todo conhecimento,e sejais cheios de   toda plenitude de DEUS.<\/p>\n<p class=\"black\">Aquele que,pela virtude que opera   em n\u00f3s pode fazer infinitamente mais do que tudo   quanto pedimos ou entendemos,a ele seja dada gl\u00f3ria na igreja,e em   CRISTO JESUS,por todas as gera\u00e7\u00f5es de eternidade.<\/p>\n<p class=\"black\"><em>Pier Giorgio   sobre S\u00e3o Paulo<\/em><\/p>\n<p class=\"black\">Querido amigo,<\/p>\n<p class=\"black\">\u2026como Cat\u00f3licos,   n\u00f3s temos um amor que transcende todos os outros amores e, ao qual,   depois do amor devido a Deus, \u00e9 imensamente belo &#8211; assim como nossa   religi\u00e3o \u00e9 bela. Esse amor tem por advogado o Ap\u00f3stolo, que o pregou   diariamente em todas suas cartas para os v\u00e1rios fi\u00e9is. Esse amor \u00e9   a caridade, sem a qual, diz S\u00e3o Paulo, todas as outras virtudes s\u00e3o   inv\u00e1lidas. A Caridade realmente pode servir de guia e dire\u00e7\u00e3o por   toda nossa vida, como um programa completo. Esse programa, com a Gra\u00e7a   de Deus, deve ser nosso objetivo. \u00c0 primeira vista viver a Caridade   pode nos chocar porque, apesar de ser um belo plano, \u00e9 verdadeiramente   dif\u00edcil, cheio de espinhos e sem muitas rosas; mas n\u00f3s confiamos na   Divina Providencia e na Sua Miseric\u00f3rdia.<\/p>\n<p class=\"black\">-De uma carta   do beato Pier Giorgio ao amigo Isidoro Bonini &#8211;\u00a0 06\u00a0 mar\u00e7o    1925<\/p>\n<p class=\"black\">Tradu\u00e7\u00e3o: Rafael Tanigucci<\/p>\n","protected":false},"excerpt":{"rendered":"<p>Uma Novena no Ano de S\u00e3o Paulo Relembrando o Beato Pier Giorgio Frassati No seu 108\u00ba anivers\u00e1rio Come\u00e7a na sexta-feira do dia 28 de Mar\u00e7o e termina no dia 4 de abril de 2009 Preparado pelo padre Thomas Rosica, C.S.B. Salt and Light Catholic Television Network in Canada Caro amigo, H\u00e1 uma falta de paz &hellip; <\/p>\n<p class=\"link-more\"><a href=\"https:\/\/www.piergiorgio.com.br\/?p=184\" class=\"more-link\">Continue lendo<span class=\"screen-reader-text\"> &#8220;Uma Novena no Ano de S\u00e3o Paulo&#8221;<\/span><\/a><\/p>\n","protected":false},"author":1,"featured_media":0,"comment_status":"open","ping_status":"open","sticky":false,"template":"","format":"standard","meta":{"footnotes":""},"categories":[4],"tags":[],"class_list":["post-184","post","type-post","status-publish","format-standard","hentry","category-liturgia-das-horas-em-honra-de-pier-giorgio-frassati-oficio-de-laudes"],"_links":{"self":[{"href":"https:\/\/www.piergiorgio.com.br\/index.php?rest_route=\/wp\/v2\/posts\/184","targetHints":{"allow":["GET"]}}],"collection":[{"href":"https:\/\/www.piergiorgio.com.br\/index.php?rest_route=\/wp\/v2\/posts"}],"about":[{"href":"https:\/\/www.piergiorgio.com.br\/index.php?rest_route=\/wp\/v2\/types\/post"}],"author":[{"embeddable":true,"href":"https:\/\/www.piergiorgio.com.br\/index.php?rest_route=\/wp\/v2\/users\/1"}],"replies":[{"embeddable":true,"href":"https:\/\/www.piergiorgio.com.br\/index.php?rest_route=%2Fwp%2Fv2%2Fcomments&post=184"}],"version-history":[{"count":2,"href":"https:\/\/www.piergiorgio.com.br\/index.php?rest_route=\/wp\/v2\/posts\/184\/revisions"}],"predecessor-version":[{"id":186,"href":"https:\/\/www.piergiorgio.com.br\/index.php?rest_route=\/wp\/v2\/posts\/184\/revisions\/186"}],"wp:attachment":[{"href":"https:\/\/www.piergiorgio.com.br\/index.php?rest_route=%2Fwp%2Fv2%2Fmedia&parent=184"}],"wp:term":[{"taxonomy":"category","embeddable":true,"href":"https:\/\/www.piergiorgio.com.br\/index.php?rest_route=%2Fwp%2Fv2%2Fcategories&post=184"},{"taxonomy":"post_tag","embeddable":true,"href":"https:\/\/www.piergiorgio.com.br\/index.php?rest_route=%2Fwp%2Fv2%2Ftags&post=184"}],"curies":[{"name":"wp","href":"https:\/\/api.w.org\/{rel}","templated":true}]}}