{"id":626,"date":"2011-02-19T11:56:47","date_gmt":"2011-02-19T14:56:47","guid":{"rendered":"http:\/\/www.piergiorgio.com.br\/?p=626"},"modified":"2011-02-19T13:02:22","modified_gmt":"2011-02-19T16:02:22","slug":"encontro-com-os-jovens-discurso-do-papa-bento-xvi","status":"publish","type":"post","link":"https:\/\/www.piergiorgio.com.br\/?p=626","title":{"rendered":"ENCONTRO COM OS JOVENS"},"content":{"rendered":"<p style=\"text-align: center;\"><em><span style=\"color: #663300;\">Pra\u00e7a S\u00e3o Carlos<br \/>\nDomingo,  2 de Maio de 2010 <a href=\"http:\/\/www.piergiorgio.com.br\/wp-content\/uploads\/2011\/02\/frassati.jpg\"><img loading=\"lazy\" decoding=\"async\" class=\"aligncenter size-full wp-image-627\" title=\"frassati\" src=\"http:\/\/www.piergiorgio.com.br\/wp-content\/uploads\/2011\/02\/frassati.jpg\" alt=\"\" width=\"179\" height=\"269\" \/><\/a><\/span><\/em><\/p>\n<p><em>Estimados jovens de Turim<br \/>\nQueridos jovens que vindes<br \/>\ndo Piemonte e das Regi\u00f5es vizinhas! <\/em><\/p>\n<p>Sinto-me verdadeiramente feliz por me encontrar convosco, nesta <a href=\"http:\/\/www.vatican.va\/holy_father\/benedict_xvi\/travels\/2010\/index_torino_po.htm\">minha visita a Turim<\/a>,  para venerar o santo Sud\u00e1rio. Sa\u00fado todos v\u00f3s com grande afecto e agrade\u00e7o-vos o  acolhimento e o entusiasmo da vossa f\u00e9. Atrav\u00e9s de v\u00f3s, sa\u00fado toda a juventude  de Turim e das Dioceses do Piemonte, com uma ora\u00e7\u00e3o especial pelos jovens que  vivem situa\u00e7\u00f5es de sofrimento, de dificuldade e de confus\u00e3o. Dirijo um  pensamento especial e um forte encorajamento a quantos, no meio de v\u00f3s, est\u00e3o a  percorrer o caminho rumo ao sacerd\u00f3cio, \u00e0 vida consagrada, assim como rumo a  generosas escolhas de servi\u00e7o aos \u00faltimos. Estou grato ao vosso Pastor, Cardeal  Severino Poletto, pelas cordiais express\u00f5es que me dirigiu e agrade\u00e7o aos vossos  representantes que me manifestaram os prop\u00f3sitos, as problem\u00e1ticas e as  expectativas da juventude desta cidade e regi\u00e3o.<\/p>\n<p>H\u00e1 vinte e cinco anos, por ocasi\u00e3o do Ano Internacional da  Juventude, o vener\u00e1vel e amado<a href=\"http:\/\/www.vatican.va\/holy_father\/john_paul_ii\/index_po.htm\"> Jo\u00e3o Paulo II<\/a> dirigiu uma Carta Apost\u00f3lica aos jovens e \u00e0s jovens do mundo,  centrada no encontro de Jesus com o jovem rico de que nos fala o Evangelho (cf. <em> <a href=\"http:\/\/www.vatican.va\/holy_father\/john_paul_ii\/apost_letters\/documents\/hf_jp-ii_apl_31031985_dilecti-amici_po.html\"> Carta aos Jovens<\/a>, <\/em>31 de Mar\u00e7o de 1985). Precisamente a partir desta  p\u00e1gina (cf. <em>Mc <\/em>10, 17-22; <em>Mt <\/em>19, 16-22), que foi objecto tamb\u00e9m na  minha <a href=\"http:\/\/www.vatican.va\/holy_father\/benedict_xvi\/messages\/youth\/documents\/hf_ben-xvi_mes_20100222_youth_po.html\"> Mensagem do corrente ano para a Jornada Mundial da Juventude<\/a>, gostaria de  vos transmitir alguns pensamentos que vos possam ajudar no vosso crescimento  espiritual e na vossa miss\u00e3o no interior da Igreja e no mundo.<\/p>\n<p>O jovem do Evangelho sabemo-lo pergunta a Jesus: &#8220;Que devo  fazer para alcan\u00e7ar a vida eterna?&#8221;. Hoje, n\u00e3o \u00e9 f\u00e1cil falar de vida eterna e de  realidades eternas, porque a mentalidade do nosso tempo nos diz que nada existe  de definitivo: tudo muda e muito rapidamente. &#8220;Mudar&#8221; tornou-se, em muitos  casos, a palavra de ordem, o exerc\u00edcio mais exaltante da liberdade, e deste modo  tamb\u00e9m v\u00f3s jovens sois levados muitas vezes a pensar que seja imposs\u00edvel  realizar op\u00e7\u00f5es definitivas, que comprometam para a vida inteira. Mas este \u00e9 o  modo correcto de utilizar a liberdade? \u00c9 realmente verdade que para sermos  felizes temos que contentar-nos com alegrias moment\u00e2neas, pequenas e fugazes  que, quando terminam, deixam a amargura no cora\u00e7\u00e3o? Caros jovens, n\u00e3o \u00e9 esta a  verdadeira liberdade, a felicidade n\u00e3o se alcan\u00e7a assim. Cada um de n\u00f3s \u00e9 criado  n\u00e3o para realizar certas op\u00e7\u00f5es provis\u00f3rias e revog\u00e1veis, mas escolhas  definitivas e irrevog\u00e1veis, que d\u00e3o sentido pleno \u00e0 exist\u00eancia. Vemos isto na  nossa vida: cada experi\u00eancia bonita, que nos enche de felicidade, gostar\u00edamos  que nunca mais terminasse. Deus criou-nos em vista do &#8220;para sempre&#8221;, colocou no  cora\u00e7\u00e3o de cada um de n\u00f3s a semente para uma vida que realize algo de bonito e  de grande. Tende a coragem das escolhas definitivas e vivei-as com fidelidade! O  Senhor poder\u00e1 chamar-vos ao matrim\u00f3nio, ao sacerd\u00f3cio, \u00e0 vida consagrada, a um  dom particular de v\u00f3s mesmos: respondei-lhe com generosidade!<\/p>\n<p>No di\u00e1logo com o jovem que possu\u00eda muitos bens, Jesus indica  qual \u00e9 a riqueza maior e mais importante da vida: o amor. Amar a Deus e amar  aos outros com todo o nosso ser. A palavra amar <span style=\"font-family: Times New Roman;\">\u2013 <\/span>sabemo-lo <span style=\"font-family: Times New Roman;\">\u2013 <\/span>presta-se a v\u00e1rias  interpreta\u00e7\u00f5es e tem diversos significados: temos necessidade de um Mestre,  Cristo, que nos indique o seu sentido mais aut\u00eantico e profundo, que nos oriente  para a fonte do amor e da vida. Amor \u00e9 o nome pr\u00f3prio de Deus. O Ap\u00f3stolo Jo\u00e3o  no-lo recorda: &#8220;Deus \u00e9 amor&#8221;, e acrescenta que &#8220;n\u00e3o fomos n\u00f3s que amamos a  Deus, mas foi Ele quem nos amou e nos mandou o seu Filho&#8221;. E &#8220;se Deus nos amou  deste modo, tamb\u00e9m n\u00f3s devemos amar-nos uns aos outros&#8221; (<em>1 Jo <\/em>4,  8.10-11). No encontro com Cristo e no amor rec\u00edproco experimentamos em n\u00f3s a  pr\u00f3pria vida de Deus, que permanece em n\u00f3s com o seu amor perfeito, total e  eterno (cf. <em>1 Jo <\/em>4, 12). Portanto, n\u00e3o existe nada maior para o homem, um  ser mortal e limitado, do que participar na vida de amor de Deus. Hoje vivemos  num contexto cultural que n\u00e3o favorece relacionamentos humanos profundos e  abnegados mas, ao contr\u00e1rio, induz com frequ\u00eancia a fechar-se em si mesmo, ao  individualismo, a deixar prevalecer o ego\u00edsmo que existe no homem. Mas o cora\u00e7\u00e3o  de um jovem \u00e9 por natureza sens\u00edvel ao amor verdadeiro. Por isso, dirijo-me com  grande confian\u00e7a a cada um de v\u00f3s e digo-vos: n\u00e3o \u00e9 f\u00e1cil fazer da vossa vida  algo de bonito e de grande, \u00e9 algo exigente, mas com Cristo tudo \u00e9 poss\u00edvel!<\/p>\n<p>No olhar de Jesus <span style=\"font-family: Times New Roman;\">\u2013 <\/span>como diz o Evangelho  <span style=\"font-family: Times New Roman;\">\u2013 <\/span>que olha com amor para o  jovem, sentimos todo o desejo que Deus tem de permanecer connosco, de estar  pr\u00f3ximo de n\u00f3s; existe um desejo de Deus, do nosso sim, do nosso amor. Sim,  dilectos jovens, Jesus quer ser vosso amigo, vosso irm\u00e3o na vida, o Mestre que  vos indica o caminho a percorrer para alcan\u00e7ar a felicidade. Ele ama-vos por  aquilo que sois, na vossa fragilidade e debilidade, para que, tocados pelo seu  amor, possais ser transformados. Vivei este encontro com o amor de Cristo numa  rela\u00e7\u00e3o forte com Ele; vivei-o na Igreja, principalmente nos Sacramentos.  Vivei-o na Eucaristia, em que se torna presente o seu Sacrif\u00edcio: Ele realmente  doa o seu Corpo e o seu Sangue por n\u00f3s, para redimir os pecados da humanidade,  para que nos tornemos um s\u00f3 com Ele, para que aprendamos tamb\u00e9m n\u00f3s a l\u00f3gica do  doar-se. Vivei-o na Confiss\u00e3o onde, oferecendo-nos o seu perd\u00e3o, Jesus  acolhe-nos com todos os nossos limites para nos dar um cora\u00e7\u00e3o novo, capaz de  amar como Ele. Aprendei a ter familiaridade com a palavra de Deus, a medit\u00e1-la,  de maneira especial na <em>lectio divina, <\/em>a leitura espiritual da B\u00edblia.  Finalmente, sabei encontrar o amor de Cristo no testemunho de caridade da  Igreja. Turim oferece-vos, na sua hist\u00f3ria, exemplos maravilhosos: segui-os,  vivendo concretamente a gratuidade do servi\u00e7o. Tudo, na comunidade eclesial,  deve ser finalizado para fazer com que os homens sintam concretamente a caridade  infinita de Deus.<\/p>\n<p>Estimados amigos, o amor de Cristo pelo jovem do Evangelho \u00e9 o  mesmo que Ele tem por cada um de v\u00f3s. N\u00e3o \u00e9 um amor confinado no passado, n\u00e3o \u00e9  uma ilus\u00e3o e n\u00e3o \u00e9 reservado a poucos. V\u00f3s encontrareis este amor e  experimentareis toda a sua fecundidade, se procurardes o Senhor com sinceridade  e se viverdes com empenhamento a vossa participa\u00e7\u00e3o na vida da comunidade  crist\u00e3. Cada um se sinta &#8220;parte viva&#8221; da Igreja, comprometido na obra de  evangeliza\u00e7\u00e3o, sem medo, num esp\u00edrito de harmonia sincera com os irm\u00e3os na f\u00e9 e  em comunh\u00e3o com os Pastores, saindo de uma tend\u00eancia individualista tamb\u00e9m na  viv\u00eancia da f\u00e9, para respirar a plenos pulm\u00f5es a beleza de fazer parte do grande  mosaico da Igreja de Cristo.<\/p>\n<p>Nesta tarde n\u00e3o posso deixar de vos indicar como modelo um jovem  da vossa Cidade: o Beato Piergiorgio Frassati, cujo vig\u00e9simo anivers\u00e1rio de  beatifica\u00e7\u00e3o se celebra este ano. A sua exist\u00eancia foi inteiramente envolvida  pela gra\u00e7a e pelo amor de Deus e foi consumida, com serenidade e alegria, no  servi\u00e7o apaixonado a Cristo e aos irm\u00e3os. Jovem como v\u00f3s, viveu com grande  dedica\u00e7\u00e3o a sua forma\u00e7\u00e3o crist\u00e3 e deu o seu testemunho de f\u00e9, simples e eficaz.  Um jovem fascinado pela beleza do Evangelho das Bem-Aventuran\u00e7as, que  experimentou toda a alegria de ser amigo de Cristo, de O seguir, de se sentir de  forma viva parte da Igreja. Prezados jovens, tende a coragem de escolher aquilo  que \u00e9 essencial na vida! &#8220;Viver e n\u00e3o simplesmente ir vivendo&#8221;, repetia o Beato  Piergiorgio Frassati. Como Ele, descobri que vale a pena comprometer-se por Deus  e com Deus, responder \u00e0 sua chamada nas escolhas fundamentais e nas op\u00e7\u00f5es  quotidianas, mesmo quando custa!<\/p>\n<p>O percurso espiritual do Beato Piergiorgio Frassati recorda que  o caminho dos disc\u00edpulos de Cristo exige a coragem de sair de si mesmo, para  seguir a estrada do Evangelho. V\u00f3s viveis nas par\u00f3quias e nas outras realidades  eclesiais este caminho exigente do esp\u00edrito; vivei-lo tamb\u00e9m na peregrina\u00e7\u00e3o das <a href=\"http:\/\/www.vatican.va\/gmg\/documents\/index_po.html\">Jornadas Mundiais da  Juventude<\/a>, encontro sempre esperado. Sei que estais a preparar-vos para o  pr\u00f3ximo grande encontro, programado em Madrid em Agosto de 2011. Fa\u00e7o votos de  cora\u00e7\u00e3o a fim de que este acontecimento extraordin\u00e1rio, no qual espero que  possais participar em grande n\u00famero, contribua para fazer crescer em cada um o  entusiasmo e a fidelidade no seguimento de Cristo e no acolhimento jubiloso da  sua mensagem, fonte de vida nova.<\/p>\n<p>Jovens de Turim e do Piemonte, sede testemunhas de Cristo neste  nosso tempo! O santo Sud\u00e1rio seja para v\u00f3s de maneira totalmente particular um  convite a imprimir no vosso esp\u00edrito o rosto do amor de Deus, para serdes v\u00f3s  mesmos, nos vossos ambientes, com os vossos coet\u00e2neos, uma express\u00e3o cred\u00edvel do  rosto de Cristo. Maria, que venerais nos vossos Santu\u00e1rios marianos, e S\u00e3o Jo\u00e3o  Bosco, Padroeiro da juventude, vos ajudem a seguir Cristo, sem jamais vos  cansardes. E vos acompanhem sempre a minha ora\u00e7\u00e3o e a minha B\u00ean\u00e7\u00e3o, que vos  concedo com grande carinho.<\/p>\n<p>Obrigado pela vossa aten\u00e7\u00e3o!<\/p>\n","protected":false},"excerpt":{"rendered":"<p>Pra\u00e7a S\u00e3o Carlos Domingo, 2 de Maio de 2010 Estimados jovens de Turim Queridos jovens que vindes do Piemonte e das Regi\u00f5es vizinhas! Sinto-me verdadeiramente feliz por me encontrar convosco, nesta minha visita a Turim, para venerar o santo Sud\u00e1rio. Sa\u00fado todos v\u00f3s com grande afecto e agrade\u00e7o-vos o acolhimento e o entusiasmo da vossa &hellip; <\/p>\n<p class=\"link-more\"><a href=\"https:\/\/www.piergiorgio.com.br\/?p=626\" class=\"more-link\">Continue lendo<span class=\"screen-reader-text\"> &#8220;ENCONTRO COM OS JOVENS&#8221;<\/span><\/a><\/p>\n","protected":false},"author":2,"featured_media":0,"comment_status":"open","ping_status":"open","sticky":false,"template":"","format":"standard","meta":{"footnotes":""},"categories":[13],"tags":[],"class_list":["post-626","post","type-post","status-publish","format-standard","hentry","category-papas"],"_links":{"self":[{"href":"https:\/\/www.piergiorgio.com.br\/index.php?rest_route=\/wp\/v2\/posts\/626","targetHints":{"allow":["GET"]}}],"collection":[{"href":"https:\/\/www.piergiorgio.com.br\/index.php?rest_route=\/wp\/v2\/posts"}],"about":[{"href":"https:\/\/www.piergiorgio.com.br\/index.php?rest_route=\/wp\/v2\/types\/post"}],"author":[{"embeddable":true,"href":"https:\/\/www.piergiorgio.com.br\/index.php?rest_route=\/wp\/v2\/users\/2"}],"replies":[{"embeddable":true,"href":"https:\/\/www.piergiorgio.com.br\/index.php?rest_route=%2Fwp%2Fv2%2Fcomments&post=626"}],"version-history":[{"count":4,"href":"https:\/\/www.piergiorgio.com.br\/index.php?rest_route=\/wp\/v2\/posts\/626\/revisions"}],"predecessor-version":[{"id":630,"href":"https:\/\/www.piergiorgio.com.br\/index.php?rest_route=\/wp\/v2\/posts\/626\/revisions\/630"}],"wp:attachment":[{"href":"https:\/\/www.piergiorgio.com.br\/index.php?rest_route=%2Fwp%2Fv2%2Fmedia&parent=626"}],"wp:term":[{"taxonomy":"category","embeddable":true,"href":"https:\/\/www.piergiorgio.com.br\/index.php?rest_route=%2Fwp%2Fv2%2Fcategories&post=626"},{"taxonomy":"post_tag","embeddable":true,"href":"https:\/\/www.piergiorgio.com.br\/index.php?rest_route=%2Fwp%2Fv2%2Ftags&post=626"}],"curies":[{"name":"wp","href":"https:\/\/api.w.org\/{rel}","templated":true}]}}