{"id":789,"date":"2011-08-02T19:28:08","date_gmt":"2011-08-02T22:28:08","guid":{"rendered":"http:\/\/www.piergiorgio.com.br\/?p=789"},"modified":"2011-08-10T14:06:22","modified_gmt":"2011-08-10T17:06:22","slug":"caminhando-com-pier-giorgio-frassati-verso-lalto","status":"publish","type":"post","link":"https:\/\/www.piergiorgio.com.br\/?p=789","title":{"rendered":"Caminhando com Pier Giorgio Frassati &#8211;  Verso  L&#8217;alto!"},"content":{"rendered":"<figure id=\"attachment_794\" aria-describedby=\"caption-attachment-794\" style=\"width: 225px\" class=\"wp-caption aligncenter\"><a href=\"http:\/\/www.piergiorgio.com.br\/wp-content\/uploads\/2011\/08\/Elisabeth-diante-de-Pier-Giorgio.4.jpg\"><img loading=\"lazy\" decoding=\"async\" class=\"size-medium wp-image-794\" title=\"Elisabeth V Zoben diante de Pier Giorgio.\" src=\"http:\/\/www.piergiorgio.com.br\/wp-content\/uploads\/2011\/08\/Elisabeth-diante-de-Pier-Giorgio.4-225x300.jpg\" alt=\"Elisabeth V Zoben diante de Pier Giorgio.\" width=\"225\" height=\"300\" srcset=\"https:\/\/www.piergiorgio.com.br\/wp-content\/uploads\/2011\/08\/Elisabeth-diante-de-Pier-Giorgio.4-225x300.jpg 225w, https:\/\/www.piergiorgio.com.br\/wp-content\/uploads\/2011\/08\/Elisabeth-diante-de-Pier-Giorgio.4-768x1024.jpg 768w, https:\/\/www.piergiorgio.com.br\/wp-content\/uploads\/2011\/08\/Elisabeth-diante-de-Pier-Giorgio.4.jpg 1536w\" sizes=\"auto, (max-width: 225px) 100vw, 225px\" \/><\/a><figcaption id=\"caption-attachment-794\" class=\"wp-caption-text\">Elisabeth V Zoben diante de Pier Giorgio.<\/figcaption><\/figure>\n<p style=\"text-align: center;\">&nbsp;<\/p>\n<p>&nbsp;<\/p>\n<p>Elisabeth Ming Von Zuben*<\/p>\n<p>Quando conheci Pier Giorgio Frassati n\u00e3o imaginava que nossa amizade me levaria a trilhar caminhos como os que tenho percorrido&#8230;<\/p>\n<p>A  admira\u00e7\u00e3o por esse jovem de Deus, &#8220;O Homem das 8 Bem-Aventuran\u00e7as&#8221;, foi  imediata! Os mesmos ideais de vida nos aproximaram e nos aproximam a  cada dia.<\/p>\n<p>Ao longo de minha peregrinac\u00e3o por esse mundo, tenho  vivido experi\u00eancias que marcaram profundamente a alma e o dia de hoje eu  chamaria de \u00daNICO&#8230;!<\/p>\n<p>Conhecer a hist\u00f3ria de Frassati, um jovem  que se tornou refer\u00eancia para tantos outros jovens, \u00e9 algo que trago com  muito carinho e zelo no cora\u00e7\u00e3o.<\/p>\n<p>Quanto mais me aprofundo na  hist\u00f3ria de vida de Pier Giorgio compreendo que \u00e9 poss\u00edvel lutar por  ideais de amor, justi\u00e7a, paz, cuja fonte \u00e9 o Cristo Vivo e ressuscitado  em nosso meio, ELE, a PAZ VERDADEIRA E PERFEITA, que o mundo tanto  busca&#8230;<\/p>\n<p>Nesse dia, de maneira especial, o Senhor me permitiu  conhecer um pouco mais da vida de Pier Giorgio Frassati! Deus Pai, em  Seu infinito Amor, permitiu que eu estivesse no Santu\u00e1rio di Oropa e tb  em Pollone, na casa onde Pier Giorgio Frassati viveu momentos de  felicidade, para poder experimentar daquilo que Pier Giorgio mais amava:  a NATUREZA, as FLORES&#8230;a MONTANHA&#8230;todo esse contexto tendo como  Autor principal Nosso Bondoso Deus, Supremo Criador, que ao criar c\u00e9us,  terra, mares e tudo o q eles cont\u00e9m&#8230;nos demonstrou seu imenso AMOR  atrav\u00e9s de Sua obra&#8230;! Pier Giorgio Frassati soube reconhecer nas  maravilhas da Cria\u00e7\u00e3o os rastros de Deus&#8230;Amou a Natureza, amou os  amigos, amou os pequeninos do reino&#8230;obra mais do que especial!<\/p>\n<p>Diante de tamanha alegria vivida no dia de hoje, me coloco diante de Ti, Senhor, como serva e, renovo meu chamado:<\/p>\n<p>&#8220;VERSO L&#8217;ALTO!!!&#8221;<\/p>\n<p>FRASSATI \u00e9 SETA que conduz \u00e0 META=&gt;JESUS!!!<\/p>\n<p>\u00c0 todos os amados familiares e amigos, \u00e0 amada FRATERNIDADE FRASSATI, um grande:<\/p>\n<p>Saluto in Ges\u00f9!!!<\/p>\n<p>Salve Madre Dolcissima!<\/p>\n<p>ESTAMOS JUNTOS!=&gt;VERSO L&#8217;ALTO!<\/p>\n<p>*Grande entusiasta de Pier Giorgio Frassati<\/p>\n","protected":false},"excerpt":{"rendered":"<p>&nbsp; &nbsp; Elisabeth Ming Von Zuben* Quando conheci Pier Giorgio Frassati n\u00e3o imaginava que nossa amizade me levaria a trilhar caminhos como os que tenho percorrido&#8230; A admira\u00e7\u00e3o por esse jovem de Deus, &#8220;O Homem das 8 Bem-Aventuran\u00e7as&#8221;, foi imediata! Os mesmos ideais de vida nos aproximaram e nos aproximam a cada dia. Ao longo &hellip; <\/p>\n<p class=\"link-more\"><a href=\"https:\/\/www.piergiorgio.com.br\/?p=789\" class=\"more-link\">Continue lendo<span class=\"screen-reader-text\"> &#8220;Caminhando com Pier Giorgio Frassati &#8211;  Verso  L&#8217;alto!&#8221;<\/span><\/a><\/p>\n","protected":false},"author":2,"featured_media":0,"comment_status":"open","ping_status":"open","sticky":false,"template":"","format":"standard","meta":{"footnotes":""},"categories":[5],"tags":[],"class_list":["post-789","post","type-post","status-publish","format-standard","hentry","category-ecos"],"_links":{"self":[{"href":"https:\/\/www.piergiorgio.com.br\/index.php?rest_route=\/wp\/v2\/posts\/789","targetHints":{"allow":["GET"]}}],"collection":[{"href":"https:\/\/www.piergiorgio.com.br\/index.php?rest_route=\/wp\/v2\/posts"}],"about":[{"href":"https:\/\/www.piergiorgio.com.br\/index.php?rest_route=\/wp\/v2\/types\/post"}],"author":[{"embeddable":true,"href":"https:\/\/www.piergiorgio.com.br\/index.php?rest_route=\/wp\/v2\/users\/2"}],"replies":[{"embeddable":true,"href":"https:\/\/www.piergiorgio.com.br\/index.php?rest_route=%2Fwp%2Fv2%2Fcomments&post=789"}],"version-history":[{"count":6,"href":"https:\/\/www.piergiorgio.com.br\/index.php?rest_route=\/wp\/v2\/posts\/789\/revisions"}],"predecessor-version":[{"id":814,"href":"https:\/\/www.piergiorgio.com.br\/index.php?rest_route=\/wp\/v2\/posts\/789\/revisions\/814"}],"wp:attachment":[{"href":"https:\/\/www.piergiorgio.com.br\/index.php?rest_route=%2Fwp%2Fv2%2Fmedia&parent=789"}],"wp:term":[{"taxonomy":"category","embeddable":true,"href":"https:\/\/www.piergiorgio.com.br\/index.php?rest_route=%2Fwp%2Fv2%2Fcategories&post=789"},{"taxonomy":"post_tag","embeddable":true,"href":"https:\/\/www.piergiorgio.com.br\/index.php?rest_route=%2Fwp%2Fv2%2Ftags&post=789"}],"curies":[{"name":"wp","href":"https:\/\/api.w.org\/{rel}","templated":true}]}}