{"id":845,"date":"2011-08-27T00:16:02","date_gmt":"2011-08-27T03:16:02","guid":{"rendered":"http:\/\/www.piergiorgio.com.br\/?p=845"},"modified":"2019-06-15T22:38:12","modified_gmt":"2019-06-16T01:38:12","slug":"frassati-o-santo-polemico","status":"publish","type":"post","link":"https:\/\/www.piergiorgio.com.br\/?p=845","title":{"rendered":"Frassati, o \u00absanto\u00bb pol\u00eamico ."},"content":{"rendered":"<figure id=\"attachment_846\" aria-describedby=\"caption-attachment-846\" style=\"width: 300px\" class=\"wp-caption aligncenter\"><a href=\"http:\/\/www.piergiorgio.com.br\/wp-content\/uploads\/2011\/08\/pgf.jpg\"><img loading=\"lazy\" decoding=\"async\" class=\"size-medium wp-image-846\" title=\"Pier Giorgio Frassati\" src=\"http:\/\/www.piergiorgio.com.br\/wp-content\/uploads\/2011\/08\/pgf-300x225.jpg\" alt=\"\" width=\"300\" height=\"225\" srcset=\"https:\/\/www.piergiorgio.com.br\/wp-content\/uploads\/2011\/08\/pgf-300x225.jpg 300w, https:\/\/www.piergiorgio.com.br\/wp-content\/uploads\/2011\/08\/pgf-1024x768.jpg 1024w, https:\/\/www.piergiorgio.com.br\/wp-content\/uploads\/2011\/08\/pgf.jpg 2048w\" sizes=\"auto, (max-width: 300px) 100vw, 300px\" \/><\/a><figcaption id=\"caption-attachment-846\" class=\"wp-caption-text\">Pier Giorgio Frassati<\/figcaption><\/figure>\n<p>Frassati, o \u00absanto\u00bb pol\u00eamico Pier Giorgio foi um modelo de caridade silenciosa ou de milit\u00e2ncia pol\u00edtica? Frassati, o \u00absanto\u00bb pol\u00eamico entre Comunh\u00e3o e Iiberta\u00e7\u00e3o \u00a0e A\u00e7\u00e3o Cat\u00f3lica, Pier Giorgio Frassati: Ap\u00f3s a beatifica\u00e7\u00e3o todos o descobrem \u00e0 sua pr\u00f3pria maneira. Descobrem-no \u00e0 sua pr\u00f3pria maneira, sobretudo as associa\u00e7\u00f5es cat\u00f3licas nas quais o jovem estudante militou, indicando uma nova forma de fazer ativismo, concebido com forte antecipa\u00e7\u00e3o sobre a din\u00e2mica social, como \u00abservi\u00e7o\u00bb. E \u00e9 precisamente esta no\u00e7\u00e3o de servi\u00e7o, repetido at\u00e9 a banaliza\u00e7\u00e3o de toda tribuna secular e menos secular, que t\u00eam chegado mesmo a confundir hoje, algumas id\u00e9ias e muitas consci\u00eancias. Descobrem-no por subtra\u00e7\u00e3o, no sentido de que cada um se apossa da parte mais pr\u00f3xima ao Pier Giorgio Frassati, sem chegar a imagin\u00e1-lo como s\u00edntese significativa para todos. Ent\u00e3o, qual modelo? O espiritual, da caridade silenciosa ou da milit\u00e2ncia pol\u00edtica? Comunh\u00e3o e Liberta\u00e7\u00e3o enfatizando no compromisso espiritual e eclesial. Don Primo Soldi, l\u00edder em Turim do movimento, mostra a assiduidade respeito aos sacramentos e \u00abo amor ardente de Cristo e da Igreja e uma afei\u00e7\u00e3o pelo Papa\u00bb exaltando uma maneira de viver e uma ideologia dirigida para \u00abos jovens que ir\u00e3o construir a Europa do terceiro mil\u00eanio\u00bb: a ideologia (ou o ideal) que se op\u00f5e ao materialismo. (\u00abMantende a coragem de procurar a verdade e o sentido da vida para al\u00e9m dos limites que o materialismo, quer como ideologia, quer como pr\u00e1tica de uma vida consumista, deseja impor\u00bb: mensagem do Santo Padre Jo\u00e3o Paulo II em Praga). Giampiero Leo, cujo guia espiritual \u00e9 Dom Soldi, considera a Frassati como a refer\u00eancia na qual o pol\u00edtico deve se inspirar. Recorda que Pier Giorgio \u00abintegralmente cat\u00f3lico\u00bb tamb\u00e9m estava inscrito no Partido Popular: \u00abUm compromisso crist\u00e3o aut\u00eantico \u00e9 o \u00fanico caminho que pode levar \u00e0 restaura\u00e7\u00e3o da vida pol\u00edtica\u00bb. A descoberta de um Pier Giorgio Frassati que faz pol\u00edtica, que n\u00e3o se submete aos compromissos, \u00e9 outro motivo de reflex\u00e3o assim como de surpresa. Beppe Gero, encarregado da \u201cS. Vicente\u201d de Turim diz: \u00abO que pode nos ensinar Frassati? A profunda interioridade do seu ser crist\u00e3o; e tamb\u00e9m o desapego das coisas, do dinheiro. Se n\u00e3o aprendermos a partilhar\u00a0 nos tornariamos loucos. E finalmente a sua participa\u00e7\u00e3o nos assuntos p\u00fablicos, na pol\u00edtica. N\u00f3s como S. Vicente, mesmo fazendo um grande trabalho, temos medo de fazer-nos conhecer; a nossa respeitabilidade, em geral, nos pro\u00edbe de adotarmos uma postura e n\u00e3o haveria muitas coisas a dizer claramente. \u00abNesse sentido, Frassati pode nos ajudar a termos mais coragem\u00bb E a Ac\u00e7\u00e3o Cat\u00f3lica? Davide Fiammengo presidente diocesano, expressa o seguinte: \u00abFrassati traz tamb\u00e9m em primeiro plano, o valor da laicidade: tornou-se santo mesmo atrav\u00e9s da sua laicidade. Vale a pena notar tamb\u00e9m o testemunho deste jovem na vida p\u00fablica: tem nos ensinado que devemos nos esfor\u00e7ar por servir, n\u00e3o por anseio de poder. \u00abUm belo exemplo para aqueles que mexem na pol\u00edtica\u00bb. E Stefano Vanzini que na Ac\u00e7\u00e3o Cat\u00f3lica \u00e9 encarregado regional dos rapazes: \u00abUm jovem, um laico, um santo: um referente para aqueles que como n\u00f3s, pensam em constru\u00edrem uma sociedade diversa, trabalhando em torno de projetos concretos\u00bb. H\u00e1 uma esperan\u00e7a indubit\u00e1vel al\u00e9m das declara\u00e7\u00f5es, resumida assim: que o exemplo de Pier Giorgio Frassati estimule uma reflex\u00e3o especialmente na juventude de Turim. A solenidade e a propaga\u00e7\u00e3o do evento, a prolifera\u00e7\u00e3o de iniciativas para fazer conhecer a vida e virtudes do jovem estudante laico e santo que t\u00eam como objetivo n\u00e3o primordial, mas tampouco rec\u00f4ndito, o renascimento dessas associa\u00e7\u00f5es que eram o sal da Igreja. A Ac\u00e7\u00e3o Cat\u00f3lica tem tr\u00eas mil ativistas (dos quais 1700 s\u00e3o adultos), mas est\u00e1 presente em apenas cerca de oitenta par\u00f3quias de 376 que tem a Diocese. A S. Vicente come\u00e7a a ver jovens nos pr\u00f3prios grupos. (\u00abEu contei 93, parece pouco, mas antes n\u00e3o havia nenhum\u00bb diz Gero). Comunh\u00e3o e Liberta\u00e7\u00e3o \u00e9 sem d\u00favidas, o movimento mais ativo. Giampiero Leo que conhece o planeta-jovem por experi\u00eancia como assessor do \u201cComune\u201d \u00e9 otimista: \u00abFinalmente t\u00eam descoberto o fen\u00f4meno associativo. N\u00e3o o pol\u00edtico que recusam. Tamb\u00e9m os cat\u00f3licos est\u00e3o se comprometendo com propostas fortes de compromisso civil e cultural. \u00c9 muito respeito ao pouco de antes, mas para cobrir as necessidades da sociedade de Turim faria falta multiplicar por mil: Estamos longe de um acabamento perfeito. Pier Paolo Benedetto Pier Giorgio Frassati ser\u00e1 tamb\u00e9m a ocasi\u00e3o de relan\u00e7amento para as associa\u00e7\u00f5es juvenis cat\u00f3licas? \u00bb<\/p>\n<p>P\u00e1gina 3<\/p>\n<p>(23.05.1990) La Stampa &#8211; numero 117<\/p>\n<p>Dr Alejandro Carvajal -San Jos\u00e9 -Costa Rica<\/p>\n","protected":false},"excerpt":{"rendered":"<p>Frassati, o \u00absanto\u00bb pol\u00eamico Pier Giorgio foi um modelo de caridade silenciosa ou de milit\u00e2ncia pol\u00edtica? Frassati, o \u00absanto\u00bb pol\u00eamico entre Comunh\u00e3o e Iiberta\u00e7\u00e3o \u00a0e A\u00e7\u00e3o Cat\u00f3lica, Pier Giorgio Frassati: Ap\u00f3s a beatifica\u00e7\u00e3o todos o descobrem \u00e0 sua pr\u00f3pria maneira. Descobrem-no \u00e0 sua pr\u00f3pria maneira, sobretudo as associa\u00e7\u00f5es cat\u00f3licas nas quais o jovem estudante militou, &hellip; <\/p>\n<p class=\"link-more\"><a href=\"https:\/\/www.piergiorgio.com.br\/?p=845\" class=\"more-link\">Continue lendo<span class=\"screen-reader-text\"> &#8220;Frassati, o \u00absanto\u00bb pol\u00eamico .&#8221;<\/span><\/a><\/p>\n","protected":false},"author":2,"featured_media":0,"comment_status":"open","ping_status":"open","sticky":false,"template":"","format":"standard","meta":{"footnotes":""},"categories":[5],"tags":[],"class_list":["post-845","post","type-post","status-publish","format-standard","hentry","category-ecos"],"_links":{"self":[{"href":"https:\/\/www.piergiorgio.com.br\/index.php?rest_route=\/wp\/v2\/posts\/845","targetHints":{"allow":["GET"]}}],"collection":[{"href":"https:\/\/www.piergiorgio.com.br\/index.php?rest_route=\/wp\/v2\/posts"}],"about":[{"href":"https:\/\/www.piergiorgio.com.br\/index.php?rest_route=\/wp\/v2\/types\/post"}],"author":[{"embeddable":true,"href":"https:\/\/www.piergiorgio.com.br\/index.php?rest_route=\/wp\/v2\/users\/2"}],"replies":[{"embeddable":true,"href":"https:\/\/www.piergiorgio.com.br\/index.php?rest_route=%2Fwp%2Fv2%2Fcomments&post=845"}],"version-history":[{"count":2,"href":"https:\/\/www.piergiorgio.com.br\/index.php?rest_route=\/wp\/v2\/posts\/845\/revisions"}],"predecessor-version":[{"id":1013,"href":"https:\/\/www.piergiorgio.com.br\/index.php?rest_route=\/wp\/v2\/posts\/845\/revisions\/1013"}],"wp:attachment":[{"href":"https:\/\/www.piergiorgio.com.br\/index.php?rest_route=%2Fwp%2Fv2%2Fmedia&parent=845"}],"wp:term":[{"taxonomy":"category","embeddable":true,"href":"https:\/\/www.piergiorgio.com.br\/index.php?rest_route=%2Fwp%2Fv2%2Fcategories&post=845"},{"taxonomy":"post_tag","embeddable":true,"href":"https:\/\/www.piergiorgio.com.br\/index.php?rest_route=%2Fwp%2Fv2%2Ftags&post=845"}],"curies":[{"name":"wp","href":"https:\/\/api.w.org\/{rel}","templated":true}]}}